{"id":3328,"date":"2026-08-31T12:06:27","date_gmt":"2026-08-31T10:06:27","guid":{"rendered":"https:\/\/www.institutdefrancais.com\/?p=3328"},"modified":"2026-08-31T12:06:27","modified_gmt":"2026-08-31T10:06:27","slug":"franzosische-personalpronomen","status":"publish","type":"post","link":"https:\/\/www.institutdefrancais.com\/de\/franzosische-personalpronomen\/","title":{"rendered":"Franz\u00f6sische Subjektpronomen: Je, Tu, Il, Elle, On, Nous, Vous, Ils, Elles"},"content":{"rendered":"<section class=\"l-section wpb_row height_medium\"><div class=\"l-section-h i-cf\"><div class=\"g-cols vc_row via_grid cols_1 laptops-cols_inherit tablets-cols_inherit mobiles-cols_1 valign_top type_default stacking_default\"><div class=\"wpb_column vc_column_container\"><div class=\"vc_column-inner\"><div class=\"w-html\"><div id=\"nice-page-wrapper\">\n\n<h1 class=\"titrepage\" style=\"text-align:center;margin:70px 0 30px;\">\nFranz\u00f6sische Subjektpronomen: Je, Tu, Il, Elle, On, Nous, Vous, Ils, Elles\n<\/h1>\n\n<div style=\"margin-top:50px;\"><\/div>\n\n<!-- INTRODUCTION -->\n\n<section class=\"nice-section\">\n\n<div class=\"nice-section-header\">\n\n<p>\nFranz\u00f6sische Subjektpronomen geben an, wer eine Handlung ausf\u00fchrt. Sie sind unverzichtbar, da franz\u00f6sische Verben ihre Form je nach Subjekt \u00e4ndern.\n<\/p>\n\n<p>\nDie neun wichtigsten franz\u00f6sischen Subjektpronomen sind <b>er, du, er, sie, man, wir, ihr, sie,<\/b> und <b>elles<\/b>. Einige entsprechen weitgehend den englischen Pronomen, w\u00e4hrend andere etwas mehr Erl\u00e4uterung erfordern.\n<\/p>\n\n<p>\nF\u00fcr Anf\u00e4nger, die Franz\u00f6sisch lernen, ist das Verst\u00e4ndnis dieser Pronomen einer der ersten Schritte zum Bilden korrekter S\u00e4tze und zur Verbesserung der franz\u00f6sischen Grammatik.\n<\/p>\n\n<\/div>\n\n<\/section>\n\n<!-- THE 9 PRONOUNS -->\n\n<section class=\"nice-section\">\n\n<div class=\"nice-section-header\">\n\n<h2><b>Die 9 franz\u00f6sischen Subjektpronomen, die du kennen musst<\/b><\/h2>\n\n<h3>Je, tu, il und elle<\/h3>\n\n<p>\n<b>Je<\/b> bedeutet \"ich\" und bezieht sich auf dich selbst:\n<\/p>\n\n<\/div>\n\n<div class=\"nice-card\">\n\n<p>\n<b>Ich spreche Franz\u00f6sisch.<\/b> \u2014 Ich spreche Franz\u00f6sisch.\n<\/p>\n\n<\/div>\n\n<div style=\"margin-top:35px;\"><\/div>\n\n<div class=\"nice-section-header\">\n\n<p>\n<b>Tu<\/b> bedeutet \"du\", wenn man eine Person umgangssprachlich anspricht:\n<\/p>\n\n<\/div>\n\n<div class=\"nice-card\">\n\n<p>\n<b>Du wohnst in Paris.<\/b> \u2014 Du lebst in Paris.\n<\/p>\n\n<\/div>\n\n<div style=\"margin-top:35px;\"><\/div>\n\n<div class=\"nice-section-header\">\n\n<p>\n<b>Il<\/b> bedeutet im Allgemeinen \"er\", kann sich aber auch auf ein m\u00e4nnliches Substantiv oder eine m\u00e4nnliche Sache beziehen:\n<\/p>\n\n<\/div>\n\n<div class=\"nice-card\">\n\n<p>\n<b>Er arbeitet hier.<\/b> \u2014 Er arbeitet hier.\n<\/p>\n\n<\/div>\n\n<div style=\"margin-top:35px;\"><\/div>\n\n<div class=\"nice-section-header\">\n\n<p>\n<b>Elle<\/b> bedeutet \"sie\" und kann sich auch auf ein Substantiv oder eine Sache weiblichen Geschlechts beziehen:\n<\/p>\n\n<\/div>\n\n<div class=\"nice-card\">\n\n<p>\n<b>Sie spricht Englisch.<\/b> \u2014 Sie spricht Englisch.\n<\/p>\n\n<\/div>\n\n<div style=\"margin-top:45px;\"><\/div>\n\n<div class=\"nice-summary\">\n\n<p>\nIm Gegensatz zum Englischen gibt es im Franz\u00f6sischen bei vielen Substantiven ein grammatikalisches Geschlecht. Deshalb <b>il<\/b> und <b>elle<\/b> beziehen sich nicht immer auf Menschen.\n<\/p>\n\n<\/div>\n\n<div style=\"margin-top:55px;\"><\/div>\n\n<div class=\"nice-section-header\">\n\n<h3>On und nous<\/h3>\n\n<p>\n<b>Wir<\/b> bedeutet \"wir\" und wird traditionell im formelleren oder schriftlichen Franz\u00f6sisch verwendet:\n<\/p>\n\n<\/div>\n\n<div class=\"nice-card\">\n\n<p>\n<b>Wir wohnen in Frankreich.<\/b> \u2014 Wir leben in Frankreich.\n<\/p>\n\n<\/div>\n\n<div style=\"margin-top:35px;\"><\/div>\n\n<div class=\"nice-section-header\">\n\n<p>\nIm allt\u00e4glichen gesprochenen Franz\u00f6sisch jedoch, <b>auf<\/b> kommt sehr h\u00e4ufig vor und bedeutet in der Regel \"wir\":\n<\/p>\n\n<\/div>\n\n<div class=\"nice-card\">\n\n<p>\n<b>Wir gehen ins Restaurant.<\/b> \u2014 Wir gehen ins Restaurant.\n<\/p>\n\n<\/div>\n\n<div style=\"margin-top:45px;\"><\/div>\n\n<div class=\"nice-summary\">\n\n<p>\nDer wichtige grammatikalische Aspekt ist, dass <b>auf<\/b> erfordert ein Verb im Singular der dritten Person:\n<\/p>\n\n<p>\n<b>Wir sind bereit.<\/b> \u2014 Wir sind bereit.\n<\/p>\n\n<p>\nNicht:\n\n<b>Wir sind bereit.<\/b>\n<\/p>\n\n<p>\nErkennen lernen <b>auf<\/b> ist f\u00fcr das Verst\u00e4ndnis des nat\u00fcrlichen gesprochenen Franz\u00f6sisch unerl\u00e4sslich.\n<\/p>\n\n<\/div>\n\n<div style=\"margin-top:55px;\"><\/div>\n\n<div class=\"nice-section-header\">\n\n<h3>Sie, sie und sie<\/h3>\n\n<p>\n<b>Sie<\/b> hat zwei Verwendungszwecke:\n<\/p>\n\n<\/div>\n\n<div class=\"nice-grid-2\">\n\n<div class=\"nice-feature-card\">\n\n<i class=\"fas fa-user\"><\/i>\n\n<p style=\"font-size:24px;font-weight:700;line-height:1.3;margin:12px 0 18px 0;\">\n\"Sie\", wenn man eine Person formell anspricht.\n<\/p>\n\n<\/div>\n\n<div class=\"nice-feature-card\">\n\n<i class=\"fas fa-users\"><\/i>\n\n<p style=\"font-size:24px;font-weight:700;line-height:1.3;margin:12px 0 18px 0;\">\n\"Ihr\", wenn man sich an mehrere Personen wendet.\n<\/p>\n\n<\/div>\n\n<\/div>\n\n<div style=\"margin-top:45px;\"><\/div>\n\n<div class=\"nice-section-header\">\n\n<p>\nZum Beispiel:\n<\/p>\n\n<\/div>\n\n<div class=\"nice-grid-2\">\n\n<div class=\"nice-feature-card\">\n\n<i class=\"fas fa-question\"><\/i>\n\n<p style=\"font-size:24px;font-weight:700;line-height:1.3;margin:12px 0 18px 0;\">\nSind Sie Lehrer?\n<\/p>\n\n<p>\nSind Sie Lehrer?\n<\/p>\n\n<\/div>\n\n<div class=\"nice-feature-card\">\n\n<i class=\"fas fa-users\"><\/i>\n\n<p style=\"font-size:24px;font-weight:700;line-height:1.3;margin:12px 0 18px 0;\">\nSeid ihr bereit?\n<\/p>\n\n<p>\nBist du bereit?\n<\/p>\n\n<\/div>\n\n<\/div>\n\n<div style=\"margin-top:45px;\"><\/div>\n\n<div class=\"nice-section-header\">\n\n<p>\n<b>Sie<\/b> bedeutet im Allgemeinen \"sie\" f\u00fcr eine m\u00e4nnliche Gruppe oder eine gemischte Gruppe:\n<\/p>\n\n<\/div>\n\n<div class=\"nice-card\">\n\n<p>\n<b>Sie arbeiten hier.<\/b> \u2014 Sie arbeiten hier.\n<\/p>\n\n<\/div>\n\n<div style=\"margin-top:35px;\"><\/div>\n\n<div class=\"nice-section-header\">\n\n<p>\n<b>Elles<\/b> bedeutet \"sie\" f\u00fcr eine Gruppe, die ausschlie\u00dflich aus Frauen besteht:\n<\/p>\n\n<\/div>\n\n<div class=\"nice-card\">\n\n<p>\n<b>Sie sprechen Franz\u00f6sisch.<\/b> \u2014 Sie sprechen Franz\u00f6sisch.\n<\/p>\n\n<\/div>\n\n<div style=\"margin-top:45px;\"><\/div>\n\n<div class=\"nice-section-header\">\n\n<p>\nHier ein kurzer \u00dcberblick:\n<\/p>\n\n<\/div>\n\n<div class=\"nice-table-wrap\">\n\n<table>\n\n<thead>\n\n<tr>\n<th><b>Pronomen<\/b><\/th>\n<th><b>Englisch<\/b><\/th>\n<th><b>Typische Anwendung<\/b><\/th>\n<th><b>Aussprache<\/b><\/th>\n<\/tr>\n\n<\/thead>\n\n<tbody>\n\n<tr>\n<td>je<\/td>\n<td>I<\/td>\n<td>selbst<\/td>\n<td>zhuh<\/td>\n<\/tr>\n\n<tr>\n<td>tu<\/td>\n<td>Sie<\/td>\n<td>eine Person, informell<\/td>\n<td>auch<\/td>\n<\/tr>\n\n<tr>\n<td>il<\/td>\n<td>er \/ es<\/td>\n<td>Maskulinum Singular<\/td>\n<td>Aal<\/td>\n<\/tr>\n\n<tr>\n<td>elle<\/td>\n<td>sie \/ es<\/td>\n<td>weiblicher Singular<\/td>\n<td>el<\/td>\n<\/tr>\n\n<tr>\n<td>auf<\/td>\n<td>wir \/ einer<\/td>\n<td>jeden Tag \"wir\"<\/td>\n<td>John<\/td>\n<\/tr>\n\n<tr>\n<td>nous<\/td>\n<td>wir<\/td>\n<td>formelles\/schriftliches \"wir\"<\/td>\n<td>nein<\/td>\n<\/tr>\n\n<tr>\n<td>vous<\/td>\n<td>Sie<\/td>\n<td>formell oder Plural<\/td>\n<td>voo<\/td>\n<\/tr>\n\n<tr>\n<td>ils<\/td>\n<td>sie<\/td>\n<td>m\u00e4nnlich\/gemischt<\/td>\n<td>Aal<\/td>\n<\/tr>\n\n<tr>\n<td>elles<\/td>\n<td>sie<\/td>\n<td>weiblicher Plural<\/td>\n<td>el<\/td>\n<\/tr>\n\n<\/tbody>\n\n<\/table>\n\n<\/div>\n\n<\/section>\n\n<!-- WHO THEY REFER TO -->\n\n<section class=\"nice-section\">\n\n<div class=\"nice-section-header\">\n\n<h2><b>Franz\u00f6sische Subjektpronomen und auf wen sie sich beziehen<\/b><\/h2>\n\n<h3>\u00dcber sich selbst mit je sprechen<\/h3>\n\n<p>\nVerwenden Sie <b>je<\/b> wenn du \u00fcber dich selbst sprichst.\n<\/p>\n\n<p>\nBeispiele:\n<\/p>\n\n<\/div>\n\n<div class=\"nice-grid-3\">\n\n<div class=\"nice-feature-card\">\n\n<i class=\"fas fa-flag\"><\/i>\n\n<p style=\"font-size:24px;font-weight:700;line-height:1.3;margin:12px 0 18px 0;\">\nIch bin Franzose.\n<\/p>\n\n<p>\nIch bin Franzose.\n<\/p>\n\n<\/div>\n\n<div class=\"nice-feature-card\">\n\n<i class=\"fas fa-briefcase\"><\/i>\n\n<p style=\"font-size:24px;font-weight:700;line-height:1.3;margin:12px 0 18px 0;\">\nIch arbeite in Nantes.\n<\/p>\n\n<p>\nIch arbeite in Nantes.\n<\/p>\n\n<\/div>\n\n<div class=\"nice-feature-card\">\n\n<i class=\"fas fa-comments\"><\/i>\n\n<p style=\"font-size:24px;font-weight:700;line-height:1.3;margin:12px 0 18px 0;\">\nIch spreche Englisch.\n<\/p>\n\n<p>\nIch spreche Englisch.\n<\/p>\n\n<\/div>\n\n<\/div>\n\n<div style=\"margin-top:45px;\"><\/div>\n\n<div class=\"nice-section-header\">\n\n<p>\nVor einem Vokal oder einem stummen <b>h<\/b>, <b>je<\/b> wird zu <b>j'<\/b>:\n<\/p>\n\n<\/div>\n\n<div class=\"nice-grid-2\">\n\n<div class=\"nice-feature-card\">\n\n<i class=\"fas fa-home\"><\/i>\n\n<p style=\"font-size:24px;font-weight:700;line-height:1.3;margin:12px 0 18px 0;\">\nIch wohne in Frankreich.\n<\/p>\n\n<p>\nIch wohne in Frankreich.\n<\/p>\n\n<\/div>\n\n<div class=\"nice-feature-card\">\n\n<i class=\"fas fa-heart\"><\/i>\n\n<p style=\"font-size:24px;font-weight:700;line-height:1.3;margin:12px 0 18px 0;\">\nIch mag Franz\u00f6sisch.\n<\/p>\n\n<p>\nIch mag Franz\u00f6sisch.\n<\/p>\n\n<\/div>\n\n<\/div>\n\n<div style=\"margin-top:45px;\"><\/div>\n\n<div class=\"nice-summary\">\n\n<p>\nDiese Verk\u00fcrzung macht das gesprochene Franz\u00f6sisch fl\u00fcssiger.\n<\/p>\n\n<\/div>\n\n<div style=\"margin-top:55px;\"><\/div>\n\n<div class=\"nice-section-header\">\n\n<h3>Mit einer oder mehreren Personen sprechen<\/h3>\n\n<p>\nDie Wahl zwischen <b>tu<\/b> und <b>vous<\/b> Das h\u00e4ngt von der Anzahl der Personen und den zwischenmenschlichen Beziehungen ab.\n<\/p>\n\n<\/div>\n\n<div class=\"nice-grid-2\">\n\n<div class=\"nice-feature-card\">\n\n<i class=\"fas fa-user\"><\/i>\n\n<p style=\"font-size:24px;font-weight:700;line-height:1.3;margin:12px 0 18px 0;\">\nVerwende \u201etu\u201c f\u00fcr eine Person in einer ungezwungenen Situation:\n<\/p>\n\n<p>\n<b>Geht es Ihnen gut?<\/b> \u2014 Wie geht es dir?\n<\/p>\n\n<\/div>\n\n<div class=\"nice-feature-card\">\n\n<i class=\"fas fa-users\"><\/i>\n\n<p style=\"font-size:24px;font-weight:700;line-height:1.3;margin:12px 0 18px 0;\">\nVerwende \u201evous\u201c bei mehreren Personen:\n<\/p>\n\n<p>\n<b>Geht es Ihnen gut?<\/b> \u2014 Geht es euch allen gut?\n<\/p>\n\n<\/div>\n\n<\/div>\n\n<div style=\"margin-top:45px;\"><\/div>\n\n<div class=\"nice-summary\">\n\n<p>\nSie k\u00f6nnen auch Folgendes verwenden: <b>vous<\/b> mit einer Person, wenn eine formelle oder respektvolle Beziehung angebracht ist.\n<\/p>\n\n<\/div>\n\n<div style=\"margin-top:55px;\"><\/div>\n\n<div class=\"nice-section-header\">\n\n<h3>\u00dcber Menschen und Dinge mit \u201eil\u201c und \u201eelle\u201c sprechen<\/h3>\n\n<p>\n<b>Il<\/b> und <b>elle<\/b> kann sich sowohl auf Personen als auch auf Dinge beziehen.\n<\/p>\n\n<p>\nF\u00fcr Menschen:\n<\/p>\n\n<\/div>\n\n<div class=\"nice-grid-2\">\n\n<div class=\"nice-feature-card\">\n\n<i class=\"fas fa-male\"><\/i>\n\n<p style=\"font-size:24px;font-weight:700;line-height:1.3;margin:12px 0 18px 0;\">\nEr ist Franzose.\n<\/p>\n\n<p>\nEr ist Franzose.\n<\/p>\n\n<\/div>\n\n<div class=\"nice-feature-card\">\n\n<i class=\"fas fa-female\"><\/i>\n\n<p style=\"font-size:24px;font-weight:700;line-height:1.3;margin:12px 0 18px 0;\">\nSie ist Franz\u00f6sin.\n<\/p>\n\n<p>\nSie ist Franz\u00f6sin.\n<\/p>\n\n<\/div>\n\n<\/div>\n\n<div style=\"margin-top:35px;\"><\/div>\n\n<div class=\"nice-section-header\">\n\n<p>\nF\u00fcr Dinge:\n<\/p>\n\n<\/div>\n\n<div class=\"nice-grid-2\">\n\n<div class=\"nice-feature-card\">\n\n<i class=\"fas fa-book\"><\/i>\n\n<p style=\"font-size:24px;font-weight:700;line-height:1.3;margin:12px 0 18px 0;\">\nDas Buch ist interessant.\n<\/p>\n\n<p>\n<b>Das ist interessant.<\/b>\n\nDas Buch ist interessant. Es ist interessant.\n<\/p>\n\n<\/div>\n\n<div class=\"nice-feature-card\">\n\n<i class=\"fas fa-home\"><\/i>\n\n<p style=\"font-size:24px;font-weight:700;line-height:1.3;margin:12px 0 18px 0;\">\nDas Haus ist gro\u00df.\n<\/p>\n\n<p>\n<b>Sie ist gro\u00df.<\/b>\n\nDas Haus ist gro\u00df. Es ist gro\u00df.\n<\/p>\n\n<\/div>\n\n<\/div>\n\n<div style=\"margin-top:45px;\"><\/div>\n\n<div class=\"nice-summary\">\n\n<p>\nDas Pronomen muss dem grammatikalischen Geschlecht des Substantivs entsprechen.\n<\/p>\n\n<\/div>\n\n<\/section>\n\n<!-- TU VS VOUS -->\n\n<section class=\"nice-section\">\n\n<div class=\"nice-section-header\">\n\n<h2><b>\u201eTu\u201c oder \u201eVous\u201c? Die Wahl des richtigen franz\u00f6sischen Personalpronomens<\/b><\/h2>\n\n<h3>Die Verwendung von \u201etu\u201c im Umgang mit Freunden und Bekannten<\/h3>\n\n<p>\n<b>Tu<\/b> wird im Allgemeinen gegen\u00fcber Freunden, Familienmitgliedern, Kindern und Personen verwendet, zu denen man eine ungezwungene Beziehung hat.\n<\/p>\n\n<p>\nZum Beispiel:\n<\/p>\n\n<\/div>\n\n<div class=\"nice-grid-2\">\n\n<div class=\"nice-feature-card\">\n\n<i class=\"fas fa-map-marker-alt\"><\/i>\n\n<p style=\"font-size:24px;font-weight:700;line-height:1.3;margin:12px 0 18px 0;\">\nWo wohnst du?\n<\/p>\n\n<p>\nWo wohnst du?\n<\/p>\n\n<\/div>\n\n<div class=\"nice-feature-card\">\n\n<i class=\"fas fa-coffee\"><\/i>\n\n<p style=\"font-size:24px;font-weight:700;line-height:1.3;margin:12px 0 18px 0;\">\nM\u00f6chtest du einen Kaffee?\n<\/p>\n\n<p>\nM\u00f6chtest du einen Kaffee?\n<\/p>\n\n<\/div>\n\n<\/div>\n\n<div style=\"margin-top:45px;\"><\/div>\n\n<div class=\"nice-summary\">\n\n<p>\nWenn du Franz\u00f6sisch lernst, wirst du h\u00f6ren, dass <b>tu<\/b> st\u00e4ndig in zwanglosen Gespr\u00e4chen.\n<\/p>\n\n<\/div>\n\n<div style=\"margin-top:55px;\"><\/div>\n\n<div class=\"nice-section-header\">\n\n<h3>Die Verwendung von \"vous\" zur H\u00f6flichkeit und als Pluralform von \u201edu\u201c<\/h3>\n\n<p>\n<b>Sie<\/b> wird verwendet, wenn man sich formell an eine Person wendet und immer dann, wenn man mit mehreren Personen spricht.\n<\/p>\n\n<p>\nBeispielsweise im beruflichen Umfeld:\n<\/p>\n\n<\/div>\n\n<div class=\"nice-card\">\n\n<p>\n<b>Hallo, wie geht es Ihnen?<\/b>\n\nHallo, wie geht es dir?\n<\/p>\n\n<p>\nMit mehreren Freunden:\n<\/p>\n\n<p>\n<b>M\u00f6chtet ihr mit uns kommen?<\/b>\n\nM\u00f6chtest du mit uns kommen?\n<\/p>\n\n<\/div>\n\n<div style=\"margin-top:45px;\"><\/div>\n\n<div class=\"nice-summary\">\n\n<p>\nDas Verb bleibt im <b>vous<\/b> Form in beiden F\u00e4llen.\n<\/p>\n\n<\/div>\n\n<div style=\"margin-top:55px;\"><\/div>\n\n<div class=\"nice-section-header\">\n\n<h3>Wenn die Wahl in der franz\u00f6sischen Kultur eine Rolle spielt<\/h3>\n\n<p>\nDie Wahl zwischen <b>tu<\/b> und <b>vous<\/b> Das ist nicht nur eine Frage der Grammatik. Es kann Vertrautheit, Respekt oder soziale Distanz zum Ausdruck bringen.\n<\/p>\n\n<\/div>\n\n<div class=\"nice-summary\">\n\n<p>\nWenn du dir unsicher bist, <b>vous<\/b> ist in einer formellen Situation in der Regel die sicherere Wahl. Der Gespr\u00e4chspartner wird Sie dann m\u00f6glicherweise dazu einladen, <b>tu<\/b>.\n<\/p>\n\n<p>\nIn einem Umfeld, in dem Sie vollst\u00e4ndig in die franz\u00f6sische Sprache eintauchen, werden Sie diese Unterschiede ganz nat\u00fcrlich wahrnehmen und lernen, welches Pronomen in den verschiedenen sozialen Situationen passt.\n<\/p>\n\n<\/div>\n\n<\/section>\n\n<!-- ON -->\n\n<section class=\"nice-section\">\n\n<div class=\"nice-section-header\">\n\n<h2><b>Warum Franz\u00f6sischsprachige \u201eon\u201c so oft verwenden<\/b><\/h2>\n\n<h3>Als Alternative zu \u201enous\u201c<\/h3>\n\n<p>\nIn der franz\u00f6sischen Grammatik wird traditionell gelehrt, dass <b>nous<\/b> als \u00c4quivalent zu \"wir\". Im allt\u00e4glichen Sprachgebrauch wird jedoch h\u00e4ufig <b>auf<\/b> stattdessen.\n<\/p>\n\n<p>\nBeides kann bedeuten:\n<\/p>\n\n<\/div>\n\n<div class=\"nice-grid-2\">\n\n<div class=\"nice-feature-card\">\n\n<i class=\"fas fa-film\"><\/i>\n\n<p style=\"font-size:24px;font-weight:700;line-height:1.3;margin:12px 0 18px 0;\">\nWir gehen ins Kino.\n<\/p>\n\n<\/div>\n\n<div class=\"nice-feature-card\">\n\n<i class=\"fas fa-film\"><\/i>\n\n<p style=\"font-size:24px;font-weight:700;line-height:1.3;margin:12px 0 18px 0;\">\nWir gehen ins Kino.\n<\/p>\n\n<\/div>\n\n<\/div>\n\n<div style=\"margin-top:35px;\"><\/div>\n\n<div class=\"nice-section-header\">\n\n<p>\nWir gehen ins Kino.\n<\/p>\n\n<p>\nDie zweite Variante ist im umgangssprachlichen Franz\u00f6sisch weitaus gebr\u00e4uchlicher.\n<\/p>\n\n<\/div>\n\n<div style=\"margin-top:55px;\"><\/div>\n\n<div class=\"nice-section-header\">\n\n<h3>Die Endung \"-on\" f\u00fcr \u201ewir\u201c im allt\u00e4glichen Franz\u00f6sisch<\/h3>\n\n<p>\nSie sollten damit rechnen, dass Sie Folgendes h\u00f6ren werden <b>auf<\/b> h\u00e4ufig im Gespr\u00e4ch mit Muttersprachlern.\n<\/p>\n\n<p>\nZu den g\u00e4ngigen Beispielen geh\u00f6ren:\n<\/p>\n\n<\/div>\n\n<div class=\"nice-grid-2\">\n\n<div class=\"nice-feature-card\">\n\n<i class=\"fas fa-utensils\"><\/i>\n\n<p style=\"font-size:24px;font-weight:700;line-height:1.3;margin:12px 0 18px 0;\">\nWir gehen essen.\n<\/p>\n\n<p>\nWir gehen jetzt essen.\n<\/p>\n\n<\/div>\n\n<div class=\"nice-feature-card\">\n\n<i class=\"fas fa-bed\"><\/i>\n\n<p style=\"font-size:24px;font-weight:700;line-height:1.3;margin:12px 0 18px 0;\">\nWir sind m\u00fcde.\n<\/p>\n\n<p>\nWir sind m\u00fcde.\n<\/p>\n\n<\/div>\n\n<\/div>\n\n<div style=\"margin-top:35px;\"><\/div>\n\n<div class=\"nice-grid-2\">\n\n<div class=\"nice-feature-card\">\n\n<i class=\"fas fa-play\"><\/i>\n\n<p style=\"font-size:24px;font-weight:700;line-height:1.3;margin:12px 0 18px 0;\">\nWir k\u00f6nnen anfangen.\n<\/p>\n\n<p>\nWir k\u00f6nnen anfangen.\n<\/p>\n\n<\/div>\n\n<div class=\"nice-feature-card\">\n\n<i class=\"fas fa-home\"><\/i>\n\n<p style=\"font-size:24px;font-weight:700;line-height:1.3;margin:12px 0 18px 0;\">\nWir wohnen hier.\n<\/p>\n\n<p>\nWir wohnen hier.\n<\/p>\n\n<\/div>\n\n<\/div>\n\n<div style=\"margin-top:45px;\"><\/div>\n\n<div class=\"nice-summary\">\n\n<p>\nLernen <b>auf<\/b> Wenn du fr\u00fchzeitig damit anf\u00e4ngst, wirst du authentische franz\u00f6sische Gespr\u00e4che leichter verstehen k\u00f6nnen.\n<\/p>\n\n<\/div>\n\n<div style=\"margin-top:55px;\"><\/div>\n\n<div class=\"nice-section-header\">\n\n<h3>Weiter geht\u2019s mit den Verben in der 3. Person Singular<\/h3>\n\n<p>\nSelbst wenn <b>auf<\/b> bedeutet \"wir\", es nimmt dieselbe Verbform an wie <b>il<\/b> und <b>elle<\/b>.\n<\/p>\n\n<p>\nZum Beispiel:\n<\/p>\n\n<\/div>\n\n<div class=\"nice-grid-3\">\n\n<div class=\"nice-feature-card\">\n\n<i class=\"fas fa-male\"><\/i>\n\n<p style=\"font-size:24px;font-weight:700;line-height:1.3;margin:12px 0 18px 0;\">\nEr spricht.\n<\/p>\n\n<p>\nEr spricht.\n<\/p>\n\n<\/div>\n\n<div class=\"nice-feature-card\">\n\n<i class=\"fas fa-female\"><\/i>\n\n<p style=\"font-size:24px;font-weight:700;line-height:1.3;margin:12px 0 18px 0;\">\nSie spricht.\n<\/p>\n\n<p>\nSie spricht.\n<\/p>\n\n<\/div>\n\n<div class=\"nice-feature-card\">\n\n<i class=\"fas fa-users\"><\/i>\n\n<p style=\"font-size:24px;font-weight:700;line-height:1.3;margin:12px 0 18px 0;\">\nMan spricht dar\u00fcber.\n<\/p>\n\n<p>\nWir sprechen.\n<\/p>\n\n<\/div>\n\n<\/div>\n\n<div style=\"margin-top:45px;\"><\/div>\n\n<div class=\"nice-summary\">\n\n<p>\nDies ist ein wichtiger Aspekt der franz\u00f6sischen Grammatik: Die Bedeutung kann im Plural stehen, die Verbkonjugation erfolgt jedoch im Singular.\n<\/p>\n\n<\/div>\n\n<\/section>\n\n<!-- VERB CONJUGATION -->\n\n<section class=\"nice-section\">\n\n<div class=\"nice-section-header\">\n\n<h2><b>Subjektpronomen und franz\u00f6sische Verbkonjugation<\/b><\/h2>\n\n<h3>Warum das Pronomen die Verbform bestimmt<\/h3>\n\n<p>\nFranz\u00f6sische Verben werden je nach Subjekt konjugiert.\n<\/p>\n\n<p>\nNimm das regelm\u00e4\u00dfige Verb <b>sprechen<\/b>:\n<\/p>\n\n<\/div>\n\n<div class=\"nice-table-wrap\">\n\n<table>\n\n<thead>\n\n<tr>\n<th><b>Betreff<\/b><\/th>\n<th><b>Franz\u00f6sisch<\/b><\/th>\n<th><b>Englisch<\/b><\/th>\n<\/tr>\n\n<\/thead>\n\n<tbody>\n\n<tr>\n<td>je<\/td>\n<td>Ich spreche<\/td>\n<td>Ich spreche<\/td>\n<\/tr>\n\n<tr>\n<td>tu<\/td>\n<td>du sprichst<\/td>\n<td>du sprichst<\/td>\n<\/tr>\n\n<tr>\n<td>er \/ sie \/ es<\/td>\n<td>er spricht \/ sie spricht \/ man spricht<\/td>\n<td>er\/sie\/wir sprechen<\/td>\n<\/tr>\n\n<tr>\n<td>nous<\/td>\n<td>wir sprechen<\/td>\n<td>wir sprechen<\/td>\n<\/tr>\n\n<tr>\n<td>vous<\/td>\n<td>Sie sprechen<\/td>\n<td>du sprichst<\/td>\n<\/tr>\n\n<tr>\n<td>sie \/ sie<\/td>\n<td>sie sprechen \/ sie sprechen<\/td>\n<td>sie sprechen<\/td>\n<\/tr>\n\n<\/tbody>\n\n<\/table>\n\n<\/div>\n\n<div style=\"margin-top:45px;\"><\/div>\n\n<div class=\"nice-summary\">\n\n<p>\nDas Subjektpronomen gibt an, welche Konjugation zu verwenden ist.\n<\/p>\n\n<\/div>\n\n<div style=\"margin-top:55px;\"><\/div>\n\n<div class=\"nice-section-header\">\n\n<h3>Subjektpronomen mit regelm\u00e4\u00dfigen Verben<\/h3>\n\n<p>\nF\u00fcr Anf\u00e4nger ist es oft effektiver, das Pronomen zusammen mit der Verbform zu lernen, als die Endungen separat auswendig zu lernen.\n<\/p>\n\n<p>\nZum Beispiel:\n<\/p>\n\n<\/div>\n\n<div class=\"nice-grid-2\">\n\n<div class=\"nice-feature-card\">\n\n<i class=\"fas fa-comments\"><\/i>\n\n<p style=\"font-size:24px;font-weight:700;line-height:1.3;margin:12px 0 18px 0;\">\nIch spreche\n<\/p>\n\n<\/div>\n\n<div class=\"nice-feature-card\">\n\n<i class=\"fas fa-comments\"><\/i>\n\n<p style=\"font-size:24px;font-weight:700;line-height:1.3;margin:12px 0 18px 0;\">\ndu sprichst\n<\/p>\n\n<\/div>\n\n<\/div>\n\n<div style=\"margin-top:35px;\"><\/div>\n\n<div class=\"nice-grid-3\">\n\n<div class=\"nice-feature-card\">\n\n<i class=\"fas fa-comments\"><\/i>\n\n<p style=\"font-size:24px;font-weight:700;line-height:1.3;margin:12px 0 18px 0;\">\nEr spricht\n<\/p>\n\n<\/div>\n\n<div class=\"nice-feature-card\">\n\n<i class=\"fas fa-comments\"><\/i>\n\n<p style=\"font-size:24px;font-weight:700;line-height:1.3;margin:12px 0 18px 0;\">\nwir sprechen\n<\/p>\n\n<\/div>\n\n<div class=\"nice-feature-card\">\n\n<i class=\"fas fa-comments\"><\/i>\n\n<p style=\"font-size:24px;font-weight:700;line-height:1.3;margin:12px 0 18px 0;\">\nSie sprechen\n<\/p>\n\n<\/div>\n\n<div class=\"nice-feature-card\">\n\n<i class=\"fas fa-comments\"><\/i>\n\n<p style=\"font-size:24px;font-weight:700;line-height:1.3;margin:12px 0 18px 0;\">\nsie reden\n<\/p>\n\n<\/div>\n\n<\/div>\n\n<div style=\"margin-top:45px;\"><\/div>\n\n<div class=\"nice-summary\">\n\n<p>\nDieses Muster bildet die Grundlage f\u00fcr das Erlernen weiterer franz\u00f6sischer Verben.\n<\/p>\n\n<p>\nDenken Sie daran, dass <b>on, il,<\/b> und <b>elle<\/b> die gleiche Verbform im Singular verwenden, w\u00e4hrend <b>ils<\/b> und <b>elles<\/b> Verwende dieselbe Pluralform.\n<\/p>\n\n<\/div>\n\n<div style=\"margin-top:55px;\"><\/div>\n\n<div class=\"nice-section-header\">\n\n<h3>H\u00e4ufige Aussprachever\u00e4nderungen im gesprochenen Franz\u00f6sisch<\/h3>\n\n<p>\nSchriftliches Franz\u00f6sisch und gesprochenes Franz\u00f6sisch k\u00f6nnen sich ziemlich unterschiedlich anh\u00f6ren.\n<\/p>\n\n<p>\nZum Beispiel die Endungen in:\n<\/p>\n\n<\/div>\n\n<div class=\"nice-grid-3\">\n\n<div class=\"nice-feature-card\">\n\n<i class=\"fas fa-comments\"><\/i>\n\n<p style=\"font-size:24px;font-weight:700;line-height:1.3;margin:12px 0 18px 0;\">\nIch spreche\n<\/p>\n\n<\/div>\n\n<div class=\"nice-feature-card\">\n\n<i class=\"fas fa-comments\"><\/i>\n\n<p style=\"font-size:24px;font-weight:700;line-height:1.3;margin:12px 0 18px 0;\">\ndu sprichst\n<\/p>\n\n<\/div>\n\n<div class=\"nice-feature-card\">\n\n<i class=\"fas fa-comments\"><\/i>\n\n<p style=\"font-size:24px;font-weight:700;line-height:1.3;margin:12px 0 18px 0;\">\nEr spricht\n<\/p>\n\n<\/div>\n\n<div class=\"nice-feature-card\">\n\n<i class=\"fas fa-comments\"><\/i>\n\n<p style=\"font-size:24px;font-weight:700;line-height:1.3;margin:12px 0 18px 0;\">\nsie reden\n<\/p>\n\n<\/div>\n\n<\/div>\n\n<div style=\"margin-top:45px;\"><\/div>\n\n<div class=\"nice-section-header\">\n\n<p>\nwerden nicht so ausgesprochen, wie es ein Englischsprecher erwarten w\u00fcrde.\n<\/p>\n\n<p>\nIn vielen regul\u00e4ren <b>-er<\/b> Verben, <b>sprich, sprich,<\/b> und <b>parlent<\/b> klingen gleich:\n<\/p>\n\n<\/div>\n\n<div class=\"nice-grid-3\">\n\n<div class=\"nice-feature-card\">\n\n<i class=\"fas fa-volume-up\"><\/i>\n\n<p style=\"font-size:24px;font-weight:700;line-height:1.3;margin:12px 0 18px 0;\">\nIch spreche\n<\/p>\n\n<\/div>\n\n<div class=\"nice-feature-card\">\n\n<i class=\"fas fa-volume-up\"><\/i>\n\n<p style=\"font-size:24px;font-weight:700;line-height:1.3;margin:12px 0 18px 0;\">\ndu sprichst\n<\/p>\n\n<\/div>\n\n<div class=\"nice-feature-card\">\n\n<i class=\"fas fa-volume-up\"><\/i>\n\n<p style=\"font-size:24px;font-weight:700;line-height:1.3;margin:12px 0 18px 0;\">\nsie reden\n<\/p>\n\n<\/div>\n\n<\/div>\n\n<div style=\"margin-top:45px;\"><\/div>\n\n<div class=\"nice-summary\">\n\n<p>\nDas Pronomen gewinnt daher beim H\u00f6ren von Franz\u00f6sisch besonders an Bedeutung, da es Aufschluss dar\u00fcber gibt, wer die Handlung ausf\u00fchrt.\n<\/p>\n\n<\/div>\n\n<\/section>\n\n<!-- EVERYDAY SPEECH -->\n\n<section class=\"nice-section\">\n\n<div class=\"nice-section-header\">\n\n<h2><b>Franz\u00f6sische Subjektpronomen im Alltagssprachgebrauch<\/b><\/h2>\n\n<h3>H\u00e4ufige Gespr\u00e4chsmuster<\/h3>\n\n<p>\nHier sind einige Ausdr\u00fccke, die du regelm\u00e4\u00dfig h\u00f6ren wirst:\n<\/p>\n\n<\/div>\n\n<div class=\"nice-grid-3\">\n\n<div class=\"nice-feature-card\">\n\n<i class=\"fas fa-check\"><\/i>\n\n<p style=\"font-size:24px;font-weight:700;line-height:1.3;margin:12px 0 18px 0;\">\nIch wei\u00df.\n<\/p>\n\n<p>\nIch wei\u00df.\n<\/p>\n\n<\/div>\n\n<div class=\"nice-feature-card\">\n\n<i class=\"fas fa-question\"><\/i>\n\n<p style=\"font-size:24px;font-weight:700;line-height:1.3;margin:12px 0 18px 0;\">\nVerstehst du das?\n<\/p>\n\n<p>\nVerstehst du das?\n<\/p>\n\n<\/div>\n\n<div class=\"nice-feature-card\">\n\n<i class=\"fas fa-user\"><\/i>\n\n<p style=\"font-size:24px;font-weight:700;line-height:1.3;margin:12px 0 18px 0;\">\nEr kommt.\n<\/p>\n\n<p>\nEr kommt gerade an.\n<\/p>\n\n<\/div>\n\n<\/div>\n\n<div style=\"margin-top:35px;\"><\/div>\n\n<div class=\"nice-grid-3\">\n\n<div class=\"nice-feature-card\">\n\n<i class=\"fas fa-user\"><\/i>\n\n<p style=\"font-size:24px;font-weight:700;line-height:1.3;margin:12px 0 18px 0;\">\nSie arbeitet.\n<\/p>\n\n<p>\nSie arbeitet.\n<\/p>\n\n<\/div>\n\n<div class=\"nice-feature-card\">\n\n<i class=\"fas fa-walking\"><\/i>\n\n<p style=\"font-size:24px;font-weight:700;line-height:1.3;margin:12px 0 18px 0;\">\nGeht\u2019s los?\n<\/p>\n\n<p>\nSollen wir gehen?\n<\/p>\n\n<\/div>\n\n<div class=\"nice-feature-card\">\n\n<i class=\"fas fa-users\"><\/i>\n\n<p style=\"font-size:24px;font-weight:700;line-height:1.3;margin:12px 0 18px 0;\">\nWir sind bereit.\n<\/p>\n\n<p>\nWir sind bereit.\n<\/p>\n\n<\/div>\n\n<\/div>\n\n<div style=\"margin-top:35px;\"><\/div>\n\n<div class=\"nice-grid-3\">\n\n<div class=\"nice-feature-card\">\n\n<i class=\"fas fa-check\"><\/i>\n\n<p style=\"font-size:24px;font-weight:700;line-height:1.3;margin:12px 0 18px 0;\">\nSie haben Recht.\n<\/p>\n\n<p>\nDu hast recht.\n<\/p>\n\n<\/div>\n\n<div class=\"nice-feature-card\">\n\n<i class=\"fas fa-users\"><\/i>\n\n<p style=\"font-size:24px;font-weight:700;line-height:1.3;margin:12px 0 18px 0;\">\nSie kommen.\n<\/p>\n\n<p>\nSie kommen.\n<\/p>\n\n<\/div>\n\n<div class=\"nice-feature-card\">\n\n<i class=\"fas fa-users\"><\/i>\n\n<p style=\"font-size:24px;font-weight:700;line-height:1.3;margin:12px 0 18px 0;\">\nSie sind hier.\n<\/p>\n\n<p>\nSie sind da.\n<\/p>\n\n<\/div>\n\n<\/div>\n\n<div style=\"margin-top:45px;\"><\/div>\n\n<div class=\"nice-summary\">\n\n<p>\nDiese kurzen S\u00e4tze sind n\u00fctzliche Bausteine f\u00fcr das Franz\u00f6sisch des Alltags.\n<\/p>\n\n<\/div>\n\n<div style=\"margin-top:55px;\"><\/div>\n\n<div class=\"nice-section-header\">\n\n<h3>Ausgelassene Laute und zusammenh\u00e4ngende Sprache<\/h3>\n\n<p>\nFranz\u00f6sischsprachige verbinden W\u00f6rter in nat\u00fcrlichen Gespr\u00e4chen oft miteinander.\n<\/p>\n\n<p>\nZum Beispiel:\n<\/p>\n\n<\/div>\n\n<div class=\"nice-grid-2\">\n\n<div class=\"nice-feature-card\">\n\n<i class=\"fas fa-times\"><\/i>\n\n<p style=\"font-size:24px;font-weight:700;line-height:1.3;margin:12px 0 18px 0;\">\nIch habe \u274c\n<\/p>\n\n<\/div>\n\n<div class=\"nice-feature-card\">\n\n<i class=\"fas fa-check\"><\/i>\n\n<p style=\"font-size:24px;font-weight:700;line-height:1.3;margin:12px 0 18px 0;\">\nIch habe \u2705\n<\/p>\n\n<\/div>\n\n<\/div>\n\n<div style=\"margin-top:45px;\"><\/div>\n\n<div class=\"nice-section-header\">\n\n<p>\nDie <b>e<\/b> von <b>je<\/b> verschwindet vor einem Vokal.\n<\/p>\n\n<p>\nAu\u00dferdem wirst du Kontraktionen wie die folgenden h\u00f6ren:\n<\/p>\n\n<\/div>\n\n<div class=\"nice-grid-4\">\n\n<div class=\"nice-feature-card\">\n\n<i class=\"fas fa-heart\"><\/i>\n\n<p style=\"font-size:24px;font-weight:700;line-height:1.3;margin:12px 0 18px 0;\">\nIch mag\n<\/p>\n\n<p>\nDas gef\u00e4llt mir\n<\/p>\n\n<\/div>\n\n<div class=\"nice-feature-card\">\n\n<i class=\"fas fa-home\"><\/i>\n\n<p style=\"font-size:24px;font-weight:700;line-height:1.3;margin:12px 0 18px 0;\">\nIch wohne\n<\/p>\n\n<p>\nIch wohne\n<\/p>\n\n<\/div>\n\n<div class=\"nice-feature-card\">\n\n<i class=\"fas fa-headphones\"><\/i>\n\n<p style=\"font-size:24px;font-weight:700;line-height:1.3;margin:12px 0 18px 0;\">\nIch h\u00f6re zu\n<\/p>\n\n<p>\nIch h\u00f6re zu\n<\/p>\n\n<\/div>\n\n<div class=\"nice-feature-card\">\n\n<i class=\"fas fa-walking\"><\/i>\n\n<p style=\"font-size:24px;font-weight:700;line-height:1.3;margin:12px 0 18px 0;\">\nIch komme\n<\/p>\n\n<p>\nIch komme gerade an\n<\/p>\n\n<\/div>\n\n<\/div>\n\n<div style=\"margin-top:45px;\"><\/div>\n\n<div class=\"nice-summary\">\n\n<p>\nWenn Sie sich durch H\u00f6r- und Sprech\u00fcbungen an diese Formen gew\u00f6hnen, wird sich Franz\u00f6sisch f\u00fcr Sie viel nat\u00fcrlicher anf\u00fchlen.\n<\/p>\n\n<\/div>\n\n<\/section>\n\n<!-- MISTAKES -->\n\n<section class=\"nice-section\">\n\n<div class=\"nice-section-header\">\n\n<h2><b>Fehler bei Subjektpronomen, die Englischsprachige machen<\/b><\/h2>\n\n<h3>Verwechslungsgefahr zwischen \u201eil\u201c und \u201eelle\u201c<\/h3>\n\n<p>\nEnglischsprachige erwarten manchmal, dass <b>er<\/b> und <b>sie<\/b> um sich ausschlie\u00dflich auf Menschen zu beziehen.\n<\/p>\n\n<p>\nAuf Franz\u00f6sisch, <b>il<\/b> und <b>elle<\/b> kann auch Substantive ersetzen:\n<\/p>\n\n<\/div>\n\n<div class=\"nice-grid-2\">\n\n<div class=\"nice-feature-card\">\n\n<i class=\"fas fa-exclamation-triangle\"><\/i>\n\n<p style=\"font-size:24px;font-weight:700;line-height:1.3;margin:12px 0 18px 0;\">\nDas Problem ist von gro\u00dfer Bedeutung.\n<\/p>\n\n<p>\n<b>Das ist wichtig.<\/b>\n\nDas Problem ist wichtig. Es ist wichtig.\n<\/p>\n\n<\/div>\n\n<div class=\"nice-feature-card\">\n\n<i class=\"fas fa-exclamation-triangle\"><\/i>\n\n<p style=\"font-size:24px;font-weight:700;line-height:1.3;margin:12px 0 18px 0;\">\nDie Lage ist schwierig.\n<\/p>\n\n<p>\n<b>Das ist schwierig.<\/b>\n\nDie Lage ist schwierig. Es ist schwierig.\n<\/p>\n\n<\/div>\n\n<\/div>\n\n<div style=\"margin-top:45px;\"><\/div>\n\n<div class=\"nice-summary\">\n\n<p>\nDie Wahl h\u00e4ngt vom grammatikalischen Geschlecht des Substantivs ab.\n<\/p>\n\n<\/div>\n\n<div style=\"margin-top:55px;\"><\/div>\n\n<div class=\"nice-section-header\">\n\n<h3>Verwechslung von \u201etu\u201c, \u201evous\u201c, \u201eon\u201c und \u201enous\u201c<\/h3>\n\n<p>\nVier Pronomen verdienen besondere Beachtung:\n<\/p>\n\n<\/div>\n\n<div class=\"nice-grid-2\">\n\n<div class=\"nice-feature-card\">\n\n<i class=\"fas fa-user\"><\/i>\n\n<p style=\"font-size:24px;font-weight:700;line-height:1.3;margin:12px 0 18px 0;\">\nTu = umgangssprachliches \"du\" (Singular)\n<\/p>\n\n<\/div>\n\n<div class=\"nice-feature-card\">\n\n<i class=\"fas fa-users\"><\/i>\n\n<p style=\"font-size:24px;font-weight:700;line-height:1.3;margin:12px 0 18px 0;\">\nVous = formelles \"Sie\" (Singular oder Plural)\n<\/p>\n\n<\/div>\n\n<\/div>\n\n<div style=\"margin-top:35px;\"><\/div>\n\n<div class=\"nice-grid-2\">\n\n<div class=\"nice-feature-card\">\n\n<i class=\"fas fa-users\"><\/i>\n\n<p style=\"font-size:24px;font-weight:700;line-height:1.3;margin:12px 0 18px 0;\">\nNous = \"wir\", oft formeller oder in schriftlicher Sprache verwendet\n<\/p>\n\n<\/div>\n\n<div class=\"nice-feature-card\">\n\n<i class=\"fas fa-users\"><\/i>\n\n<p style=\"font-size:24px;font-weight:700;line-height:1.3;margin:12px 0 18px 0;\">\n\"On\" = \u201ewir\u201c im Alltagssprachgebrauch\n<\/p>\n\n<\/div>\n\n<\/div>\n\n<div style=\"margin-top:45px;\"><\/div>\n\n<div class=\"nice-summary\">\n\n<p>\nEine gute Methode, sie zu lernen, sind echte Gespr\u00e4che statt isolierter Grammatik\u00fcbungen. Achte darauf, wer spricht, an wen er sich wendet und ob es sich um eine formelle oder informelle Situation handelt.\n<\/p>\n\n<p>\nAm Institut de Fran\u00e7ais sorgt ein immersiver Ansatz daf\u00fcr, dass die Lernenden in authentischen franz\u00f6sischen Situationen immer wieder mit diesen Subjektpronomen in Kontakt kommen. Das Ziel besteht nicht einfach darin, sie auswendig zu lernen <b>er, du, er, sie, man, wir, ihr, sie,<\/b> und <b>elles<\/b>, sondern sie beim Sprechen der franz\u00f6sischen Sprache zu erkennen und ganz nat\u00fcrlich anzuwenden.\n<\/p>\n\n<p>\nWenn Sie diese Strukturen durch echte Kommunikation und intensives \u00dcben weiterentwickeln m\u00f6chten, entdecken Sie die <a href=\"https:\/\/www.institutdefrancais.com\/de\/franzoesisch-immersionskurse\/\"><b>Intensivkurse Franz\u00f6sisch<\/b><\/a> im Institut de Fran\u00e7ais.\n<\/p>\n\n<\/div>\n\n<\/section>\n\n<\/div><\/div><\/div><\/div><\/div><\/div><\/section>","protected":false},"excerpt":{"rendered":"French Subject Pronouns: Je, Tu, Il, Elle, On, Nous, Vous, Ils, Elles French subject pronouns tell you who performs an action. They are essential because French verbs change their form according to the subject. The nine main French subject pronouns are je, tu, il, elle, on, nous, vous, ils, and elles. Some correspond closely to...","protected":false},"author":5,"featured_media":3304,"comment_status":"closed","ping_status":"closed","sticky":false,"template":"","format":"standard","meta":{"footnotes":""},"categories":[1],"tags":[],"class_list":["post-3328","post","type-post","status-publish","format-standard","has-post-thumbnail","hentry","category-blog"],"yoast_head":"<!-- This site is optimized with the Yoast SEO Premium plugin v26.8 (Yoast SEO v28.1) - https:\/\/yoast.com\/product\/yoast-seo-premium-wordpress\/ -->\n<title>French Subject Pronouns: Je, Tu, Il, Elle, Nous, Vous, Ils, Elles<\/title>\n<meta name=\"robots\" content=\"index, follow, max-snippet:-1, max-image-preview:large, max-video-preview:-1\" \/>\n<link rel=\"canonical\" href=\"https:\/\/www.institutdefrancais.com\/de\/franzosische-personalpronomen\/\" \/>\n<meta property=\"og:locale\" content=\"de_DE\" \/>\n<meta property=\"og:type\" content=\"article\" \/>\n<meta property=\"og:title\" content=\"French Subject Pronouns: Je, Tu, Il, Elle, On, Nous, Vous, Ils, Elles\" \/>\n<meta property=\"og:url\" content=\"https:\/\/www.institutdefrancais.com\/de\/franzosische-personalpronomen\/\" \/>\n<meta property=\"og:site_name\" content=\"Institut de Fran\u00e7ais\" \/>\n<meta property=\"article:publisher\" content=\"https:\/\/www.facebook.com\/annexedefrancais\" \/>\n<meta property=\"article:published_time\" content=\"2026-08-31T10:06:27+00:00\" \/>\n<meta property=\"og:image\" content=\"https:\/\/www.institutdefrancais.com\/wp-content\/uploads\/2026\/08\/french-pronouns.png\" \/>\n\t<meta property=\"og:image:width\" content=\"1536\" \/>\n\t<meta property=\"og:image:height\" content=\"1024\" \/>\n\t<meta property=\"og:image:type\" content=\"image\/png\" \/>\n<meta name=\"author\" content=\"Primelis\" \/>\n<meta name=\"twitter:card\" content=\"summary_large_image\" \/>\n<meta name=\"twitter:label1\" content=\"Verfasst von\" \/>\n\t<meta name=\"twitter:data1\" content=\"Primelis\" \/>\n\t<meta name=\"twitter:label2\" content=\"Gesch\u00e4tzte Lesezeit\" \/>\n\t<meta name=\"twitter:data2\" content=\"1\u00a0Minute\" \/>\n<script type=\"application\/ld+json\" class=\"yoast-schema-graph\">{\"@context\":\"https:\\\/\\\/schema.org\",\"@graph\":[{\"@type\":\"Article\",\"@id\":\"https:\\\/\\\/www.institutdefrancais.com\\\/french-subject-pronouns\\\/#article\",\"isPartOf\":{\"@id\":\"https:\\\/\\\/www.institutdefrancais.com\\\/french-subject-pronouns\\\/\"},\"author\":{\"name\":\"Primelis\",\"@id\":\"https:\\\/\\\/www.institutdefrancais.com\\\/#\\\/schema\\\/person\\\/2007a6780e1c19e9b33d0bfcb96bc830\"},\"headline\":\"French Subject Pronouns: Je, Tu, Il, Elle, On, Nous, Vous, Ils, Elles\",\"datePublished\":\"2026-08-31T10:06:27+00:00\",\"mainEntityOfPage\":{\"@id\":\"https:\\\/\\\/www.institutdefrancais.com\\\/french-subject-pronouns\\\/\"},\"wordCount\":4102,\"publisher\":{\"@id\":\"https:\\\/\\\/www.institutdefrancais.com\\\/#organization\"},\"image\":{\"@id\":\"https:\\\/\\\/www.institutdefrancais.com\\\/french-subject-pronouns\\\/#primaryimage\"},\"thumbnailUrl\":\"https:\\\/\\\/www.institutdefrancais.com\\\/wp-content\\\/uploads\\\/2026\\\/08\\\/french-pronouns.png\",\"articleSection\":[\"Blog\"],\"inLanguage\":\"de\"},{\"@type\":\"WebPage\",\"@id\":\"https:\\\/\\\/www.institutdefrancais.com\\\/french-subject-pronouns\\\/\",\"url\":\"https:\\\/\\\/www.institutdefrancais.com\\\/french-subject-pronouns\\\/\",\"name\":\"French Subject Pronouns: Je, Tu, Il, Elle, Nous, Vous, Ils, Elles\",\"isPartOf\":{\"@id\":\"https:\\\/\\\/www.institutdefrancais.com\\\/#website\"},\"primaryImageOfPage\":{\"@id\":\"https:\\\/\\\/www.institutdefrancais.com\\\/french-subject-pronouns\\\/#primaryimage\"},\"image\":{\"@id\":\"https:\\\/\\\/www.institutdefrancais.com\\\/french-subject-pronouns\\\/#primaryimage\"},\"thumbnailUrl\":\"https:\\\/\\\/www.institutdefrancais.com\\\/wp-content\\\/uploads\\\/2026\\\/08\\\/french-pronouns.png\",\"datePublished\":\"2026-08-31T10:06:27+00:00\",\"breadcrumb\":{\"@id\":\"https:\\\/\\\/www.institutdefrancais.com\\\/french-subject-pronouns\\\/#breadcrumb\"},\"inLanguage\":\"de\",\"potentialAction\":[{\"@type\":\"ReadAction\",\"target\":[\"https:\\\/\\\/www.institutdefrancais.com\\\/french-subject-pronouns\\\/\"]}]},{\"@type\":\"ImageObject\",\"inLanguage\":\"de\",\"@id\":\"https:\\\/\\\/www.institutdefrancais.com\\\/french-subject-pronouns\\\/#primaryimage\",\"url\":\"https:\\\/\\\/www.institutdefrancais.com\\\/wp-content\\\/uploads\\\/2026\\\/08\\\/french-pronouns.png\",\"contentUrl\":\"https:\\\/\\\/www.institutdefrancais.com\\\/wp-content\\\/uploads\\\/2026\\\/08\\\/french-pronouns.png\",\"width\":1536,\"height\":1024},{\"@type\":\"BreadcrumbList\",\"@id\":\"https:\\\/\\\/www.institutdefrancais.com\\\/french-subject-pronouns\\\/#breadcrumb\",\"itemListElement\":[{\"@type\":\"ListItem\",\"position\":1,\"name\":\"Home\",\"item\":\"https:\\\/\\\/www.institutdefrancais.com\\\/\"},{\"@type\":\"ListItem\",\"position\":2,\"name\":\"French Subject Pronouns: Je, Tu, Il, Elle, On, Nous, Vous, Ils, Elles\"}]},{\"@type\":\"WebSite\",\"@id\":\"https:\\\/\\\/www.institutdefrancais.com\\\/#website\",\"url\":\"https:\\\/\\\/www.institutdefrancais.com\\\/\",\"name\":\"Institut de Fran\u00e7ais\",\"description\":\"French language school in France\",\"publisher\":{\"@id\":\"https:\\\/\\\/www.institutdefrancais.com\\\/#organization\"},\"potentialAction\":[{\"@type\":\"SearchAction\",\"target\":{\"@type\":\"EntryPoint\",\"urlTemplate\":\"https:\\\/\\\/www.institutdefrancais.com\\\/?s={search_term_string}\"},\"query-input\":{\"@type\":\"PropertyValueSpecification\",\"valueRequired\":true,\"valueName\":\"search_term_string\"}}],\"inLanguage\":\"de\"},{\"@type\":\"Organization\",\"@id\":\"https:\\\/\\\/www.institutdefrancais.com\\\/#organization\",\"name\":\"Institut de Fran\u00e7ais\",\"url\":\"https:\\\/\\\/www.institutdefrancais.com\\\/\",\"logo\":{\"@type\":\"ImageObject\",\"inLanguage\":\"de\",\"@id\":\"https:\\\/\\\/www.institutdefrancais.com\\\/#\\\/schema\\\/logo\\\/image\\\/\",\"url\":\"https:\\\/\\\/institutdefrancais.com\\\/wp-content\\\/uploads\\\/2026\\\/02\\\/Institu-de-Francais_Logo_Monogramme_nice-1200x630-2.jpg.jpeg\",\"contentUrl\":\"https:\\\/\\\/institutdefrancais.com\\\/wp-content\\\/uploads\\\/2026\\\/02\\\/Institu-de-Francais_Logo_Monogramme_nice-1200x630-2.jpg.jpeg\",\"width\":1200,\"height\":630,\"caption\":\"Institut de Fran\u00e7ais\"},\"image\":{\"@id\":\"https:\\\/\\\/www.institutdefrancais.com\\\/#\\\/schema\\\/logo\\\/image\\\/\"},\"sameAs\":[\"https:\\\/\\\/www.facebook.com\\\/annexedefrancais\",\"https:\\\/\\\/www.instagram.com\\\/annexedefrancais\\\/\"]},{\"@type\":\"Person\",\"@id\":\"https:\\\/\\\/www.institutdefrancais.com\\\/#\\\/schema\\\/person\\\/2007a6780e1c19e9b33d0bfcb96bc830\",\"name\":\"Primelis\",\"image\":{\"@type\":\"ImageObject\",\"inLanguage\":\"de\",\"@id\":\"https:\\\/\\\/secure.gravatar.com\\\/avatar\\\/c0935c1aa2d57be6d9fee5dff6d3efca19dc7c80211843e0fa9c383eac8fca15?s=96&d=mm&r=g\",\"url\":\"https:\\\/\\\/secure.gravatar.com\\\/avatar\\\/c0935c1aa2d57be6d9fee5dff6d3efca19dc7c80211843e0fa9c383eac8fca15?s=96&d=mm&r=g\",\"contentUrl\":\"https:\\\/\\\/secure.gravatar.com\\\/avatar\\\/c0935c1aa2d57be6d9fee5dff6d3efca19dc7c80211843e0fa9c383eac8fca15?s=96&d=mm&r=g\",\"caption\":\"Primelis\"},\"url\":\"https:\\\/\\\/www.institutdefrancais.com\\\/de\\\/author\\\/primelis\\\/\"}]}<\/script>\n<!-- \/ Yoast SEO Premium plugin. -->","yoast_head_json":{"title":"Franz\u00f6sische Subjektpronomen: Je, Tu, Il, Elle, Nous, Vous, Ils, Elles","robots":{"index":"index","follow":"follow","max-snippet":"max-snippet:-1","max-image-preview":"max-image-preview:large","max-video-preview":"max-video-preview:-1"},"canonical":"https:\/\/www.institutdefrancais.com\/de\/franzosische-personalpronomen\/","og_locale":"de_DE","og_type":"article","og_title":"French Subject Pronouns: Je, Tu, Il, Elle, On, Nous, Vous, Ils, Elles","og_url":"https:\/\/www.institutdefrancais.com\/de\/franzosische-personalpronomen\/","og_site_name":"Institut de Fran\u00e7ais","article_publisher":"https:\/\/www.facebook.com\/annexedefrancais","article_published_time":"2026-08-31T10:06:27+00:00","og_image":[{"width":1536,"height":1024,"url":"https:\/\/www.institutdefrancais.com\/wp-content\/uploads\/2026\/08\/french-pronouns.png","type":"image\/png"}],"author":"Primelis","twitter_card":"summary_large_image","twitter_misc":{"Verfasst von":"Primelis","Gesch\u00e4tzte Lesezeit":"1\u00a0Minute"},"schema":{"@context":"https:\/\/schema.org","@graph":[{"@type":"Article","@id":"https:\/\/www.institutdefrancais.com\/french-subject-pronouns\/#article","isPartOf":{"@id":"https:\/\/www.institutdefrancais.com\/french-subject-pronouns\/"},"author":{"name":"Primelis","@id":"https:\/\/www.institutdefrancais.com\/#\/schema\/person\/2007a6780e1c19e9b33d0bfcb96bc830"},"headline":"French Subject Pronouns: Je, Tu, Il, Elle, On, Nous, Vous, Ils, Elles","datePublished":"2026-08-31T10:06:27+00:00","mainEntityOfPage":{"@id":"https:\/\/www.institutdefrancais.com\/french-subject-pronouns\/"},"wordCount":4102,"publisher":{"@id":"https:\/\/www.institutdefrancais.com\/#organization"},"image":{"@id":"https:\/\/www.institutdefrancais.com\/french-subject-pronouns\/#primaryimage"},"thumbnailUrl":"https:\/\/www.institutdefrancais.com\/wp-content\/uploads\/2026\/08\/french-pronouns.png","articleSection":["Blog"],"inLanguage":"de"},{"@type":"WebPage","@id":"https:\/\/www.institutdefrancais.com\/french-subject-pronouns\/","url":"https:\/\/www.institutdefrancais.com\/french-subject-pronouns\/","name":"Franz\u00f6sische Subjektpronomen: Je, Tu, Il, Elle, Nous, Vous, Ils, Elles","isPartOf":{"@id":"https:\/\/www.institutdefrancais.com\/#website"},"primaryImageOfPage":{"@id":"https:\/\/www.institutdefrancais.com\/french-subject-pronouns\/#primaryimage"},"image":{"@id":"https:\/\/www.institutdefrancais.com\/french-subject-pronouns\/#primaryimage"},"thumbnailUrl":"https:\/\/www.institutdefrancais.com\/wp-content\/uploads\/2026\/08\/french-pronouns.png","datePublished":"2026-08-31T10:06:27+00:00","breadcrumb":{"@id":"https:\/\/www.institutdefrancais.com\/french-subject-pronouns\/#breadcrumb"},"inLanguage":"de","potentialAction":[{"@type":"ReadAction","target":["https:\/\/www.institutdefrancais.com\/french-subject-pronouns\/"]}]},{"@type":"ImageObject","inLanguage":"de","@id":"https:\/\/www.institutdefrancais.com\/french-subject-pronouns\/#primaryimage","url":"https:\/\/www.institutdefrancais.com\/wp-content\/uploads\/2026\/08\/french-pronouns.png","contentUrl":"https:\/\/www.institutdefrancais.com\/wp-content\/uploads\/2026\/08\/french-pronouns.png","width":1536,"height":1024},{"@type":"BreadcrumbList","@id":"https:\/\/www.institutdefrancais.com\/french-subject-pronouns\/#breadcrumb","itemListElement":[{"@type":"ListItem","position":1,"name":"Home","item":"https:\/\/www.institutdefrancais.com\/"},{"@type":"ListItem","position":2,"name":"French Subject Pronouns: Je, Tu, Il, Elle, On, Nous, Vous, Ils, Elles"}]},{"@type":"WebSite","@id":"https:\/\/www.institutdefrancais.com\/#website","url":"https:\/\/www.institutdefrancais.com\/","name":"Institut de Fran\u00e7ais","description":"Franz\u00f6sisch Sprachschule in Frankreich","publisher":{"@id":"https:\/\/www.institutdefrancais.com\/#organization"},"potentialAction":[{"@type":"SearchAction","target":{"@type":"EntryPoint","urlTemplate":"https:\/\/www.institutdefrancais.com\/?s={search_term_string}"},"query-input":{"@type":"PropertyValueSpecification","valueRequired":true,"valueName":"search_term_string"}}],"inLanguage":"de"},{"@type":"Organization","@id":"https:\/\/www.institutdefrancais.com\/#organization","name":"Institut de Fran\u00e7ais","url":"https:\/\/www.institutdefrancais.com\/","logo":{"@type":"ImageObject","inLanguage":"de","@id":"https:\/\/www.institutdefrancais.com\/#\/schema\/logo\/image\/","url":"https:\/\/institutdefrancais.com\/wp-content\/uploads\/2026\/02\/Institu-de-Francais_Logo_Monogramme_nice-1200x630-2.jpg.jpeg","contentUrl":"https:\/\/institutdefrancais.com\/wp-content\/uploads\/2026\/02\/Institu-de-Francais_Logo_Monogramme_nice-1200x630-2.jpg.jpeg","width":1200,"height":630,"caption":"Institut de Fran\u00e7ais"},"image":{"@id":"https:\/\/www.institutdefrancais.com\/#\/schema\/logo\/image\/"},"sameAs":["https:\/\/www.facebook.com\/annexedefrancais","https:\/\/www.instagram.com\/annexedefrancais\/"]},{"@type":"Person","@id":"https:\/\/www.institutdefrancais.com\/#\/schema\/person\/2007a6780e1c19e9b33d0bfcb96bc830","name":"Primelis","image":{"@type":"ImageObject","inLanguage":"de","@id":"https:\/\/secure.gravatar.com\/avatar\/c0935c1aa2d57be6d9fee5dff6d3efca19dc7c80211843e0fa9c383eac8fca15?s=96&d=mm&r=g","url":"https:\/\/secure.gravatar.com\/avatar\/c0935c1aa2d57be6d9fee5dff6d3efca19dc7c80211843e0fa9c383eac8fca15?s=96&d=mm&r=g","contentUrl":"https:\/\/secure.gravatar.com\/avatar\/c0935c1aa2d57be6d9fee5dff6d3efca19dc7c80211843e0fa9c383eac8fca15?s=96&d=mm&r=g","caption":"Primelis"},"url":"https:\/\/www.institutdefrancais.com\/de\/author\/primelis\/"}]}},"_links":{"self":[{"href":"https:\/\/www.institutdefrancais.com\/de\/wp-json\/wp\/v2\/posts\/3328","targetHints":{"allow":["GET"]}}],"collection":[{"href":"https:\/\/www.institutdefrancais.com\/de\/wp-json\/wp\/v2\/posts"}],"about":[{"href":"https:\/\/www.institutdefrancais.com\/de\/wp-json\/wp\/v2\/types\/post"}],"author":[{"embeddable":true,"href":"https:\/\/www.institutdefrancais.com\/de\/wp-json\/wp\/v2\/users\/5"}],"replies":[{"embeddable":true,"href":"https:\/\/www.institutdefrancais.com\/de\/wp-json\/wp\/v2\/comments?post=3328"}],"version-history":[{"count":2,"href":"https:\/\/www.institutdefrancais.com\/de\/wp-json\/wp\/v2\/posts\/3328\/revisions"}],"predecessor-version":[{"id":3330,"href":"https:\/\/www.institutdefrancais.com\/de\/wp-json\/wp\/v2\/posts\/3328\/revisions\/3330"}],"wp:featuredmedia":[{"embeddable":true,"href":"https:\/\/www.institutdefrancais.com\/de\/wp-json\/wp\/v2\/media\/3304"}],"wp:attachment":[{"href":"https:\/\/www.institutdefrancais.com\/de\/wp-json\/wp\/v2\/media?parent=3328"}],"wp:term":[{"taxonomy":"category","embeddable":true,"href":"https:\/\/www.institutdefrancais.com\/de\/wp-json\/wp\/v2\/categories?post=3328"},{"taxonomy":"post_tag","embeddable":true,"href":"https:\/\/www.institutdefrancais.com\/de\/wp-json\/wp\/v2\/tags?post=3328"}],"curies":[{"name":"wp","href":"https:\/\/api.w.org\/{rel}","templated":true}]}}