{"id":3318,"date":"2026-08-31T11:34:43","date_gmt":"2026-08-31T09:34:43","guid":{"rendered":"https:\/\/www.institutdefrancais.com\/?p=3318"},"modified":"2026-08-31T17:29:12","modified_gmt":"2026-08-31T15:29:12","slug":"pronombres-de-objeto-directo-en-frances","status":"publish","type":"post","link":"https:\/\/www.institutdefrancais.com\/es\/pronombres-de-objeto-directo-en-frances\/","title":{"rendered":"Pronombres de objeto directo en franc\u00e9s: \u00able\u00bb, \u00abla\u00bb, \u00ables\u00bb y otros"},"content":{"rendered":"<section class=\"l-section wpb_row height_medium\"><div class=\"l-section-h i-cf\"><div class=\"g-cols vc_row via_grid cols_1 laptops-cols_inherit tablets-cols_inherit mobiles-cols_1 valign_top type_default stacking_default\"><div class=\"wpb_column vc_column_container\"><div class=\"vc_column-inner\"><div class=\"w-html\"><div id=\"nice-page-wrapper\">\n\n<h1 class=\"titrepage\" style=\"text-align:center;margin:70px 0 30px;\">\nPronombres de objeto directo en franc\u00e9s: \u00able\u00bb, \u00abla\u00bb, \u00ables\u00bb y otros\n<\/h1>\n\n<div style=\"margin-top:50px;\"><\/div>\n\n<!-- INTRODUCTION -->\n\n<section class=\"nice-section\">\n\n<div class=\"nice-section-header\">\n\n<p>\nLos pronombres de objeto directo son una parte esencial de la gram\u00e1tica francesa. Permiten sustituir a una persona, un animal o una cosa que recibe la acci\u00f3n de un verbo, lo que hace que las frases en franc\u00e9s sean m\u00e1s cortas, fluidas y naturales.\n<\/p>\n\n<p>\nEn lugar de repetir el mismo sustantivo, los franc\u00f3fonos utilizan <b>me, te, le, la, nous, vous,<\/b> y <b>les<\/b>. Entender estos pronombres te ayudar\u00e1 a leer en franc\u00e9s con mayor facilidad y a comunicarte con m\u00e1s seguridad.\n<\/p>\n\n<p>\nEn el Institut de Fran\u00e7ais, un enfoque inmersivo ofrece a los alumnos la oportunidad de practicar estas estructuras en conversaciones reales, en lugar de limitarse a memorizar reglas gramaticales de forma aislada.\n<\/p>\n\n<\/div>\n\n<\/section>\n\n<!-- WHAT ARE DIRECT OBJECT PRONOUNS -->\n\n<section class=\"nice-section\">\n\n<div class=\"nice-section-header\">\n\n<h2><b>\u00bfQu\u00e9 son los pronombres de objeto directo en franc\u00e9s?<\/b><\/h2>\n\n<h3>C\u00f3mo funcionan los complementos directos en las oraciones en franc\u00e9s<\/h3>\n\n<p>\nA <b>complemento directo<\/b> es la persona o cosa que recibe directamente la acci\u00f3n de un verbo. Responde a preguntas como: <b>\"\u00bfA qui\u00e9n?\"<\/b> o <b>\"\u00bfQu\u00e9?\"<\/b>\n<\/p>\n\n<p>\nPor ejemplo:\n<\/p>\n\n<\/div>\n\n<div class=\"nice-grid-3\">\n\n<div class=\"nice-feature-card\">\n\n<i class=\"fas fa-film\"><\/i>\n\n<p style=\"font-size:24px;font-weight:700;line-height:1.3;margin:12px 0 18px 0;\">\nEstoy viendo la pel\u00edcula.\n<\/p>\n\n<p>\nVeo la pel\u00edcula.\n<\/p>\n\n<\/div>\n\n<div class=\"nice-feature-card\">\n\n<i class=\"fas fa-user\"><\/i>\n\n<p style=\"font-size:24px;font-weight:700;line-height:1.3;margin:12px 0 18px 0;\">\nMiro a Marie.\n<\/p>\n\n<p>\nObservo a Marie.\n<\/p>\n\n<\/div>\n\n<div class=\"nice-feature-card\">\n\n<i class=\"fas fa-birthday-cake\"><\/i>\n\n<p style=\"font-size:24px;font-weight:700;line-height:1.3;margin:12px 0 18px 0;\">\nNos comemos la tarta.\n<\/p>\n\n<p>\nNos comemos la tarta.\n<\/p>\n\n<\/div>\n\n<\/div>\n\n<div style=\"margin-top:45px;\"><\/div>\n\n<div class=\"nice-section-header\">\n\n<p>\nEn cada frase, <i>la pel\u00edcula<\/i>, <i>Marie<\/i>, y <i>el pastel<\/i> son complementos directos.\n<\/p>\n\n<p>\nPara evitar repeticiones, puedes sustituir el complemento directo por un pronombre:\n<\/p>\n\n<\/div>\n\n<div class=\"nice-grid-3\">\n\n<div class=\"nice-feature-card\">\n\n<i class=\"fas fa-film\"><\/i>\n\n<p style=\"font-size:24px;font-weight:700;line-height:1.3;margin:12px 0 18px 0;\">\nLo miro.\n<\/p>\n\n<p>\nLo veo.\n<\/p>\n\n<\/div>\n\n<div class=\"nice-feature-card\">\n\n<i class=\"fas fa-user\"><\/i>\n\n<p style=\"font-size:24px;font-weight:700;line-height:1.3;margin:12px 0 18px 0;\">\nLa miro.\n<\/p>\n\n<p>\nLa observo.\n<\/p>\n\n<\/div>\n\n<div class=\"nice-feature-card\">\n\n<i class=\"fas fa-birthday-cake\"><\/i>\n\n<p style=\"font-size:24px;font-weight:700;line-height:1.3;margin:12px 0 18px 0;\">\nNos lo comemos.\n<\/p>\n\n<p>\nNos lo comemos.\n<\/p>\n\n<\/div>\n\n<\/div>\n\n<div style=\"margin-top:45px;\"><\/div>\n\n<div class=\"nice-summary\">\n\n<p>\nLa diferencia importante con respecto al ingl\u00e9s es <b>puesto<\/b>: Los pronombres de objeto directo en franc\u00e9s suelen aparecer <b>antes del verbo conjugado<\/b>.\n<\/p>\n\n<p>\n<b>Sujeto + pronombre de objeto directo + verbo<\/b>\n<\/p>\n\n<p>\nPor ejemplo:\n\n<b>Je + le + regarde \u2192 Je le regarde.<\/b>\n<\/p>\n\n<\/div>\n\n<div style=\"margin-top:55px;\"><\/div>\n\n<div class=\"nice-section-header\">\n\n<h3>Objetos directos frente a objetos indirectos en franc\u00e9s<\/h3>\n\n<p>\nLos complementos directos e indirectos no funcionan exactamente de la misma manera.\n<\/p>\n\n<p>\nTras el verbo va un complemento directo <b>sin preposici\u00f3n<\/b>:\n<\/p>\n\n<\/div>\n\n<div class=\"nice-grid-2\">\n\n<div class=\"nice-feature-card\">\n\n<i class=\"fas fa-eye\"><\/i>\n\n<p style=\"font-size:24px;font-weight:700;line-height:1.3;margin:12px 0 18px 0;\">\nMiro a Paul.\n<\/p>\n\n<p>\nObservo a Paul.\n<\/p>\n\n<\/div>\n\n<div class=\"nice-feature-card\">\n\n<i class=\"fas fa-user\"><\/i>\n\n<p style=\"font-size:24px;font-weight:700;line-height:1.3;margin:12px 0 18px 0;\">\nConoce a Sophie.\n<\/p>\n\n<p>\nConoce a Sophie.\n<\/p>\n\n<\/div>\n\n<\/div>\n\n<div style=\"margin-top:35px;\"><\/div>\n\n<div class=\"nice-section-header\">\n\n<p>\nEl complemento indirecto suele ir precedido de una preposici\u00f3n como, por ejemplo, <b>\u00e0<\/b>:\n<\/p>\n\n<\/div>\n\n<div class=\"nice-grid-2\">\n\n<div class=\"nice-feature-card\">\n\n<i class=\"fas fa-comments\"><\/i>\n\n<p style=\"font-size:24px;font-weight:700;line-height:1.3;margin:12px 0 18px 0;\">\nEstoy hablando con Paul.\n<\/p>\n\n<p>\nHablo con Paul.\n<\/p>\n\n<\/div>\n\n<div class=\"nice-feature-card\">\n\n<i class=\"fas fa-phone\"><\/i>\n\n<p style=\"font-size:24px;font-weight:700;line-height:1.3;margin:12px 0 18px 0;\">\nLlama por tel\u00e9fono a Sophie.\n<\/p>\n\n<p>\nLlama a Sophie.\n<\/p>\n\n<\/div>\n\n<\/div>\n\n<div style=\"margin-top:45px;\"><\/div>\n\n<div class=\"nice-section-header\">\n\n<p>\nEsta distinci\u00f3n es importante porque el franc\u00e9s utiliza pronombres diferentes para estas dos funciones. <b>Le, la, les<\/b> sustituyen a los complementos directos, mientras que formas como <b>a \u00e9l<\/b> y <b>a ellos<\/b> se utilizan habitualmente como complementos indirectos.\n<\/p>\n\n<p>\nCompara:\n<\/p>\n\n<\/div>\n\n<div class=\"nice-grid-2\">\n\n<div class=\"nice-feature-card\">\n\n<i class=\"fas fa-eye\"><\/i>\n\n<p style=\"font-size:24px;font-weight:700;line-height:1.3;margin:12px 0 18px 0;\">\nMiro a Paul.\n<\/p>\n\n<p>\n\u2192 <b>Lo miro.<\/b>\n<\/p>\n\n<\/div>\n\n<div class=\"nice-feature-card\">\n\n<i class=\"fas fa-comments\"><\/i>\n\n<p style=\"font-size:24px;font-weight:700;line-height:1.3;margin:12px 0 18px 0;\">\nEstoy hablando con Paul.\n<\/p>\n\n<p>\n\u2192 <b>Le hablo.<\/b>\n<\/p>\n\n<\/div>\n\n<\/div>\n\n<div style=\"margin-top:45px;\"><\/div>\n\n<div class=\"nice-summary\">\n\n<p>\nPor lo tanto, saber si un verbo lleva un complemento directo o indirecto es una parte importante de la gram\u00e1tica francesa.\n<\/p>\n\n<\/div>\n\n<\/section>\n\n<!-- FRENCH DIRECT OBJECT PRONOUNS -->\n\n<section class=\"nice-section\">\n\n<div class=\"nice-section-header\">\n\n<h2><b>Pronombres de objeto directo en franc\u00e9s: \u00abme\u00bb, \u00abte\u00bb, \u00able\u00bb, \u00abla\u00bb, \u00abnous\u00bb, \u00abvous\u00bb y \u00ables\u00bb<\/b><\/h2>\n\n<h3>Qu\u00e9 significa cada pronombre de objeto directo en franc\u00e9s<\/h3>\n\n<p>\nEl franc\u00e9s cuenta con siete pronombres de objeto directo principales. La forma correcta depende principalmente de la persona, el g\u00e9nero y el n\u00famero del objeto.\n<\/p>\n\n<\/div>\n\n<div class=\"nice-table-wrap\">\n\n<table>\n\n<thead>\n\n<tr>\n<th><b>Pronombre franc\u00e9s<\/b><\/th>\n<th><b>Significado en ingl\u00e9s<\/b><\/th>\n<th><b>Ejemplo<\/b><\/th>\n<th><b>Pronunciaci\u00f3n<\/b><\/th>\n<\/tr>\n\n<\/thead>\n\n<tbody>\n\n<tr>\n<td>yo \/ m'<\/td>\n<td>yo<\/td>\n<td><i>Me ve.<\/i><\/td>\n<td>muh \/ m'<\/td>\n<\/tr>\n\n<tr>\n<td>te \/ t'<\/td>\n<td>usted<\/td>\n<td><i>Te conozco.<\/i><\/td>\n<td>tuh \/ t'<\/td>\n<\/tr>\n\n<tr>\n<td>el \/ la'<\/td>\n<td>\u00e9l \/ ello<\/td>\n<td><i>Me lo quedo.<\/i><\/td>\n<td>luh \/ l'<\/td>\n<\/tr>\n\n<tr>\n<td>la \/ l'<\/td>\n<td>ella \/ ello<\/td>\n<td><i>La veo.<\/i><\/td>\n<td>lah \/ l'<\/td>\n<\/tr>\n\n<tr>\n<td>nous<\/td>\n<td>nosotros<\/td>\n<td><i>Nos invita.<\/i><\/td>\n<td>noo<\/td>\n<\/tr>\n\n<tr>\n<td>vous<\/td>\n<td>usted<\/td>\n<td><i>Les escucho.<\/i><\/td>\n<td>voo<\/td>\n<\/tr>\n\n<tr>\n<td>les<\/td>\n<td>ellos<\/td>\n<td><i>Los conozco.<\/i><\/td>\n<td>colocar<\/td>\n<\/tr>\n\n<\/tbody>\n\n<\/table>\n\n<\/div>\n\n<div style=\"margin-top:45px;\"><\/div>\n\n<div class=\"nice-section-header\">\n\n<p>\nAntes de una vocal o de una letra muda <b>h<\/b>, <b>me, te, le,<\/b> y <b>la<\/b> convertirse en <b>m', t', l'<\/b>:\n<\/p>\n\n<\/div>\n\n<div class=\"nice-grid-3\">\n\n<div class=\"nice-feature-card\">\n\n<i class=\"fas fa-heart\"><\/i>\n\n<p style=\"font-size:24px;font-weight:700;line-height:1.3;margin:12px 0 18px 0;\">\nLa quiero.\n<\/p>\n\n<p>\nMe cae bien.\n<\/p>\n\n<\/div>\n\n<div class=\"nice-feature-card\">\n\n<i class=\"fas fa-headphones\"><\/i>\n\n<p style=\"font-size:24px;font-weight:700;line-height:1.3;margin:12px 0 18px 0;\">\nT\u00fa me escuchas.\n<\/p>\n\n<p>\nEsc\u00fachame bien.\n<\/p>\n\n<\/div>\n\n<div class=\"nice-feature-card\">\n\n<i class=\"fas fa-user-plus\"><\/i>\n\n<p style=\"font-size:24px;font-weight:700;line-height:1.3;margin:12px 0 18px 0;\">\nElla te invita.\n<\/p>\n\n<p>\nTe invita.\n<\/p>\n\n<\/div>\n\n<\/div>\n\n<div style=\"margin-top:45px;\"><\/div>\n\n<div class=\"nice-section-header\">\n\n<p>\nEl pronombre <b>l'<\/b> puede referirse tanto a un sustantivo masculino como a uno femenino en singular:\n<\/p>\n\n<\/div>\n\n<div class=\"nice-table-wrap\">\n\n<table>\n\n<thead>\n\n<tr>\n<th><b>Oraci\u00f3n<\/b><\/th>\n<th><b>Pronombre<\/b><\/th>\n<\/tr>\n\n<\/thead>\n\n<tbody>\n\n<tr>\n<td><i>Estoy viendo la pel\u00edcula.<\/i><\/td>\n<td><i>Lo miro.<\/i><\/td>\n<\/tr>\n\n<tr>\n<td><i>Estoy viendo la serie.<\/i><\/td>\n<td><i>La miro.<\/i><\/td>\n<\/tr>\n\n<tr>\n<td><i>Me gusta la pel\u00edcula.<\/i><\/td>\n<td><i>La quiero.<\/i><\/td>\n<\/tr>\n\n<tr>\n<td><i>Me gusta la m\u00fasica.<\/i><\/td>\n<td><i>La quiero.<\/i><\/td>\n<\/tr>\n\n<\/tbody>\n\n<\/table>\n\n<\/div>\n\n<\/section>\n\n<!-- PEOPLE AND THINGS -->\n\n<section class=\"nice-section\">\n\n<div class=\"nice-section-header\">\n\n<h3>Pronombres de complemento directo con personas y cosas<\/h3>\n\n<p>\nLos pronombres de complemento directo pueden referirse tanto a <b>personas y cosas<\/b>.\n<\/p>\n\n<\/div>\n\n<div class=\"nice-grid-2\">\n\n<div class=\"nice-feature-card\">\n\n<i class=\"fas fa-users\"><\/i>\n\n<p style=\"font-size:24px;font-weight:700;line-height:1.3;margin:12px 0 18px 0;\">\nGente\n<\/p>\n\n<p>\n<i>Conozco a Marc.<\/i> \u2192 <i>Lo conozco.<\/i> \u2014 Lo conozco.\n\n<i>Conozco a Julie.<\/i> \u2192 <i>La conozco.<\/i> \u2014 La conozco.\n\n<i>Invitamos a nuestros amigos.<\/i> \u2192 <i>Les invitamos.<\/i> \u2014 Los invitamos.\n<\/p>\n\n<\/div>\n\n<div class=\"nice-feature-card\">\n\n<i class=\"fas fa-book\"><\/i>\n\n<p style=\"font-size:24px;font-weight:700;line-height:1.3;margin:12px 0 18px 0;\">\nCosas\n<\/p>\n\n<p>\n<i>Me llevo el libro.<\/i> \u2192 <i>Me lo quedo.<\/i> \u2014 Lo entiendo.\n\n<i>Ella compra el coche.<\/i> \u2192 <i>Ella lo compra.<\/i> \u2014 Se lo traga.\n\n<i>Est\u00e1s mirando las fotos.<\/i> \u2192 <i>Los mir\u00e1is.<\/i> \u2014 M\u00edralos.\n<\/p>\n\n<\/div>\n\n<\/div>\n\n<div style=\"margin-top:45px;\"><\/div>\n\n<div class=\"nice-summary\">\n\n<p>\nEl pronombre debe concordar con el sustantivo al que sustituye en <b>g\u00e9nero y n\u00famero<\/b>. La persona que habla no determina si debes usar <i>le, la,<\/i> o <i>les<\/i>; el objeto s\u00ed lo hace.\n<\/p>\n\n<\/div>\n\n<\/section>\n\n<!-- HOW TO USE -->\n\n<section class=\"nice-section\">\n\n<div class=\"nice-section-header\">\n\n<h2><b>C\u00f3mo utilizar los pronombres de objeto directo en franc\u00e9s<\/b><\/h2>\n\n<h3>D\u00f3nde colocar los pronombres de objeto directo<\/h3>\n\n<p>\nEn la mayor\u00eda de las oraciones sencillas en franc\u00e9s, el pronombre de objeto directo va <b>justo antes del verbo conjugado<\/b>.\n<\/p>\n\n<\/div>\n\n<div class=\"nice-table-wrap\">\n\n<table>\n\n<thead>\n\n<tr>\n<th><b>Frase original<\/b><\/th>\n<th><b>Con un pronombre de complemento directo<\/b><\/th>\n<th><b>Ingl\u00e9s<\/b><\/th>\n<\/tr>\n\n<\/thead>\n\n<tbody>\n\n<tr>\n<td>Estoy viendo la pel\u00edcula.<\/td>\n<td>Lo miro.<\/td>\n<td>Lo veo.<\/td>\n<\/tr>\n\n<tr>\n<td>Ya conoces a Marie.<\/td>\n<td>T\u00fa la conoces.<\/td>\n<td>Ya la conoces.<\/td>\n<\/tr>\n\n<tr>\n<td>\u00c9l compra los libros.<\/td>\n<td>Se los compra.<\/td>\n<td>\u00c9l los compra.<\/td>\n<\/tr>\n\n<tr>\n<td>Invitamos a Paul.<\/td>\n<td>Le invitamos.<\/td>\n<td>Le invitamos.<\/td>\n<\/tr>\n\n<tr>\n<td>Est\u00e1is escuchando la canci\u00f3n.<\/td>\n<td>Lo est\u00e1s escuchando.<\/td>\n<td>Esc\u00fachalo.<\/td>\n<\/tr>\n\n<\/tbody>\n\n<\/table>\n\n<\/div>\n\n<div style=\"margin-top:45px;\"><\/div>\n\n<div class=\"nice-card\">\n\n<p>\nEn una oraci\u00f3n negativa, el pronombre se mantiene antes del verbo:\n<\/p>\n\n<p>\n<i>Lo miro.<\/i> \u2192 <i>No lo miro.<\/i>\n<\/p>\n\n<p>\n<i>Ella los conoce.<\/i> \u2192 <i>Ella no los conoce.<\/i>\n<\/p>\n\n<\/div>\n\n<div style=\"margin-top:45px;\"><\/div>\n\n<div class=\"nice-summary\">\n\n<p>\nUna forma \u00fatil de recordar la ubicaci\u00f3n es:\n<\/p>\n\n<p>\n<b>Sujeto \u2192 Pronombre \u2192 Verbo<\/b>\n<\/p>\n\n<p>\n<b>Je \u2192 le \u2192 veo.<\/b>\n\n<b>Nosotros \u2192 los \u2192 cogemos.<\/b>\n\n<b>Ustedes \u2192 lo \u2192 escuchan.<\/b>\n<\/p>\n\n<\/div>\n\n<\/section>\n\n<!-- COMMON VERBS -->\n\n<section class=\"nice-section\">\n\n<div class=\"nice-section-header\">\n\n<h3>Verbos habituales que se utilizan con pronombres de objeto directo<\/h3>\n\n<p>\nMuchos verbos franceses de uso cotidiano llevan un complemento directo. Aprender estos verbos junto con sus pronombres puede hacer que tu aprendizaje del idioma resulte m\u00e1s pr\u00e1ctico.\n<\/p>\n\n<\/div>\n\n<div class=\"nice-table-wrap\">\n\n<table>\n\n<thead>\n\n<tr>\n<th><b>Verbo franc\u00e9s<\/b><\/th>\n<th><b>Ingl\u00e9s<\/b><\/th>\n<th><b>Ejemplo<\/b><\/th>\n<th><b>Pronunciaci\u00f3n<\/b><\/th>\n<\/tr>\n\n<\/thead>\n\n<tbody>\n\n<tr>\n<td>ver<\/td>\n<td>ver \/ mirar<\/td>\n<td><i>Lo miro.<\/i><\/td>\n<td>ruh-gar-day<\/td>\n<\/tr>\n\n<tr>\n<td>amar<\/td>\n<td>que me guste \/ que me encante<\/td>\n<td><i>La quiero.<\/i><\/td>\n<td>eh-may<\/td>\n<\/tr>\n\n<tr>\n<td>ver<\/td>\n<td>para ver<\/td>\n<td><i>La veo.<\/i><\/td>\n<td>vwar<\/td>\n<\/tr>\n\n<tr>\n<td>conocer<\/td>\n<td>saber<\/td>\n<td><i>Lo conozco.<\/i><\/td>\n<td>koh-net<\/td>\n<\/tr>\n\n<tr>\n<td>escuchar<\/td>\n<td>para escuchar<\/td>\n<td><i>Les escucho.<\/i><\/td>\n<td>ay-koo-tay<\/td>\n<\/tr>\n\n<tr>\n<td>tomar<\/td>\n<td>para tomar<\/td>\n<td><i>Me lo quedo.<\/i><\/td>\n<td>prahndr<\/td>\n<\/tr>\n\n<tr>\n<td>acheter<\/td>\n<td>comprar<\/td>\n<td><i>Me lo compro.<\/i><\/td>\n<td>ash-tay<\/td>\n<\/tr>\n\n<tr>\n<td>comprender<\/td>\n<td>para entender<\/td>\n<td><i>Lo entiendo.<\/i><\/td>\n<td>kohm-prahn<\/td>\n<\/tr>\n\n<tr>\n<td>esperar<\/td>\n<td>esperar a<\/td>\n<td><i>Lo estoy esperando.<\/i><\/td>\n<td>ah-tahndr<\/td>\n<\/tr>\n\n<tr>\n<td>invitante<\/td>\n<td>para invitar<\/td>\n<td><i>Los invito.<\/i><\/td>\n<td>an-vee-tay<\/td>\n<\/tr>\n\n<\/tbody>\n\n<\/table>\n\n<\/div>\n\n<div style=\"margin-top:45px;\"><\/div>\n\n<div class=\"nice-card\">\n\n<p>\nPresta atenci\u00f3n a la traducci\u00f3n al ingl\u00e9s. En franc\u00e9s se suele utilizar un complemento directo, mientras que en ingl\u00e9s puede emplearse una construcci\u00f3n ligeramente diferente. Por ejemplo, <i>esperar a alguien<\/i> significa \"esperar a alguien\", pero <b>alguien<\/b> sigue siendo un complemento directo en franc\u00e9s.\n<\/p>\n\n<\/div>\n\n<div style=\"margin-top:55px;\"><\/div>\n\n<div class=\"nice-section-header\">\n\n<h3>Ejemplos de pronombres de objeto directo en franc\u00e9s<\/h3>\n\n<p>\nHe aqu\u00ed algunos ejemplos cotidianos:\n<\/p>\n\n<\/div>\n\n<div class=\"nice-grid-3\">\n\n<div class=\"nice-feature-card\">\n\n<i class=\"fas fa-eye\"><\/i>\n\n<p style=\"font-size:24px;font-weight:700;line-height:1.3;margin:12px 0 18px 0;\">\nTe veo.\n<\/p>\n\n<p>\nTe veo.\n<\/p>\n\n<\/div>\n\n<div class=\"nice-feature-card\">\n\n<i class=\"fas fa-comments\"><\/i>\n\n<p style=\"font-size:24px;font-weight:700;line-height:1.3;margin:12px 0 18px 0;\">\nT\u00fa me entiendes.\n<\/p>\n\n<p>\nYa me entiendes.\n<\/p>\n\n<\/div>\n\n<div class=\"nice-feature-card\">\n\n<i class=\"fas fa-heart\"><\/i>\n\n<p style=\"font-size:24px;font-weight:700;line-height:1.3;margin:12px 0 18px 0;\">\nLe gusta.\n<\/p>\n\n<p>\nLe gusta ella\/eso.\n<\/p>\n\n<\/div>\n\n<\/div>\n\n<div style=\"margin-top:35px;\"><\/div>\n\n<div class=\"nice-grid-4\">\n\n<div class=\"nice-feature-card\">\n\n<i class=\"fas fa-user\"><\/i>\n\n<p style=\"font-size:24px;font-weight:700;line-height:1.3;margin:12px 0 18px 0;\">\nElla lo conoce.\n<\/p>\n\n<p>\nElla lo conoce.\n<\/p>\n\n<\/div>\n\n<div class=\"nice-feature-card\">\n\n<i class=\"fas fa-users\"><\/i>\n\n<p style=\"font-size:24px;font-weight:700;line-height:1.3;margin:12px 0 18px 0;\">\nLes invitamos.\n<\/p>\n\n<p>\nLes invitamos.\n<\/p>\n\n<\/div>\n\n<div class=\"nice-feature-card\">\n\n<i class=\"fas fa-headphones\"><\/i>\n\n<p style=\"font-size:24px;font-weight:700;line-height:1.3;margin:12px 0 18px 0;\">\nNos est\u00e1is escuchando.\n<\/p>\n\n<p>\nEsc\u00fachanos.\n<\/p>\n\n<\/div>\n\n<div class=\"nice-feature-card\">\n\n<i class=\"fas fa-clock\"><\/i>\n\n<p style=\"font-size:24px;font-weight:700;line-height:1.3;margin:12px 0 18px 0;\">\nOs est\u00e1n esperando.\n<\/p>\n\n<p>\nTe est\u00e1n esperando.\n<\/p>\n\n<\/div>\n\n<\/div>\n\n<div style=\"margin-top:45px;\"><\/div>\n\n<div class=\"nice-summary\">\n\n<p>\nEstas frases cortas son ideales para practicar la pronunciaci\u00f3n, ya que el pronombre y el verbo crean un ritmo natural al pronunciarlas.\n<\/p>\n\n<\/div>\n\n<\/section>\n\n<!-- DIFFERENT TENSES -->\n\n<section class=\"nice-section\">\n\n<div class=\"nice-section-header\">\n\n<h2><b>Pronombres de objeto directo en distintos tiempos verbales<\/b><\/h2>\n\n<h3>Pronombres de objeto directo en presente<\/h3>\n\n<p>\nEn el presente, el pronombre de complemento directo suele ir antes del verbo conjugado.\n<\/p>\n\n<\/div>\n\n<div class=\"nice-grid-2\">\n\n<div class=\"nice-feature-card\">\n\n<i class=\"fas fa-user\"><\/i>\n\n<p style=\"font-size:24px;font-weight:700;line-height:1.3;margin:12px 0 18px 0;\">\nLa miro.\n<\/p>\n\n<p>\nMiro a Marie. \u2192 La miro.\n<\/p>\n\n<\/div>\n\n<div class=\"nice-feature-card\">\n\n<i class=\"fas fa-train\"><\/i>\n\n<p style=\"font-size:24px;font-weight:700;line-height:1.3;margin:12px 0 18px 0;\">\nT\u00f3matelo t\u00fa.\n<\/p>\n\n<p>\nTe subes al tren. \u2192 Te subes a \u00e9l.\n<\/p>\n\n<\/div>\n\n<\/div>\n\n<div style=\"margin-top:35px;\"><\/div>\n\n<div class=\"nice-grid-2\">\n\n<div class=\"nice-feature-card\">\n\n<i class=\"fas fa-apple-alt\"><\/i>\n\n<p style=\"font-size:24px;font-weight:700;line-height:1.3;margin:12px 0 18px 0;\">\nSe los come.\n<\/p>\n\n<p>\nSe come las manzanas. \u2192 Se las come.\n<\/p>\n\n<\/div>\n\n<div class=\"nice-feature-card\">\n\n<i class=\"fas fa-music\"><\/i>\n\n<p style=\"font-size:24px;font-weight:700;line-height:1.3;margin:12px 0 18px 0;\">\nLe escuchamos.\n<\/p>\n\n<p>\nEscuchamos la m\u00fasica. \u2192 La escuchamos.\n<\/p>\n\n<\/div>\n\n<\/div>\n\n<div style=\"margin-top:55px;\"><\/div>\n\n<div class=\"nice-section-header\">\n\n<h3>Pronombres de objeto directo con el pass\u00e9 compos\u00e9<\/h3>\n\n<p>\nCon el <b>pasado compuesto<\/b>, el pronombre de objeto directo va antes del verbo auxiliar <b>avoir<\/b> o <b>ser<\/b>.\n<\/p>\n\n<\/div>\n\n<div class=\"nice-summary\">\n\n<p>\n<b>Sujeto + pronombre + auxiliar + participio pasado<\/b>\n<\/p>\n\n<\/div>\n\n<div style=\"margin-top:45px;\"><\/div>\n\n<div class=\"nice-grid-2\">\n\n<div class=\"nice-feature-card\">\n\n<i class=\"fas fa-user\"><\/i>\n\n<p style=\"font-size:24px;font-weight:700;line-height:1.3;margin:12px 0 18px 0;\">\nLa he visto.\n<\/p>\n\n<p>\nHe visto a Marie. \u2192 La he visto.\n<\/p>\n\n<\/div>\n\n<div class=\"nice-feature-card\">\n\n<i class=\"fas fa-book\"><\/i>\n\n<p style=\"font-size:24px;font-weight:700;line-height:1.3;margin:12px 0 18px 0;\">\nLo has comprado t\u00fa.\n<\/p>\n\n<p>\nHas comprado el libro. \u2192 Lo has comprado.\n<\/p>\n\n<\/div>\n\n<\/div>\n\n<div style=\"margin-top:35px;\"><\/div>\n\n<div class=\"nice-grid-2\">\n\n<div class=\"nice-feature-card\">\n\n<i class=\"fas fa-film\"><\/i>\n\n<p style=\"font-size:24px;font-weight:700;line-height:1.3;margin:12px 0 18px 0;\">\nLos hemos visto.\n<\/p>\n\n<p>\nHemos visto las pel\u00edculas. \u2192 Las hemos visto.\n<\/p>\n\n<\/div>\n\n<div class=\"nice-feature-card\">\n\n<i class=\"fas fa-car\"><\/i>\n\n<p style=\"font-size:24px;font-weight:700;line-height:1.3;margin:12px 0 18px 0;\">\nElla se la llev\u00f3.\n<\/p>\n\n<p>\nSe llev\u00f3 el coche. \u2192 Se lo llev\u00f3.\n<\/p>\n\n<\/div>\n\n<\/div>\n\n<div style=\"margin-top:45px;\"><\/div>\n\n<div class=\"nice-section-header\">\n\n<p>\nEsta estructura es especialmente importante porque da lugar a <b>concordancia del participio pasado<\/b>, que se trata en la siguiente secci\u00f3n.\n<\/p>\n\n<p>\nCon <b>ser<\/b>, el pronombre tambi\u00e9n va antes del auxiliar:\n<\/p>\n\n<\/div>\n\n<div class=\"nice-grid-2\">\n\n<div class=\"nice-feature-card\">\n\n<i class=\"fas fa-walking\"><\/i>\n\n<p style=\"font-size:24px;font-weight:700;line-height:1.3;margin:12px 0 18px 0;\">\nSe ha ido.\n<\/p>\n\n<p>\nSe fue.\n<\/p>\n\n<\/div>\n\n<div class=\"nice-feature-card\">\n\n<i class=\"fas fa-eye\"><\/i>\n\n<p style=\"font-size:24px;font-weight:700;line-height:1.3;margin:12px 0 18px 0;\">\nLa he visto.\n<\/p>\n\n<p>\nLa vi.\n<\/p>\n\n<\/div>\n\n<\/div>\n\n<div style=\"margin-top:45px;\"><\/div>\n\n<div class=\"nice-card\">\n\n<p>\nNo confundas el pronombre de objeto directo <b>l'<\/b> con el auxiliar <b>est<\/b>. Sus funciones son totalmente diferentes.\n<\/p>\n\n<\/div>\n\n<div style=\"margin-top:55px;\"><\/div>\n\n<div class=\"nice-section-header\">\n\n<h3>Pronombres de objeto directo con infinitivos<\/h3>\n\n<p>\nCuando un pronombre de complemento directo va unido a un infinitivo, suele aparecer <b>inmediatamente antes del infinitivo<\/b> si el infinitivo es el verbo que lleva complemento directo.\n<\/p>\n\n<\/div>\n\n<div class=\"nice-grid-2\">\n\n<div class=\"nice-feature-card\">\n\n<i class=\"fas fa-book\"><\/i>\n\n<p style=\"font-size:24px;font-weight:700;line-height:1.3;margin:12px 0 18px 0;\">\nQuiero comprarlo.\n<\/p>\n\n<p>\nQuiero comprarlo.\n<\/p>\n\n<\/div>\n\n<div class=\"nice-feature-card\">\n\n<i class=\"fas fa-film\"><\/i>\n\n<p style=\"font-size:24px;font-weight:700;line-height:1.3;margin:12px 0 18px 0;\">\nLo vamos a ver.\n<\/p>\n\n<p>\nVamos a verlo.\n<\/p>\n\n<\/div>\n\n<\/div>\n\n<div style=\"margin-top:35px;\"><\/div>\n\n<div class=\"nice-grid-2\">\n\n<div class=\"nice-feature-card\">\n\n<i class=\"fas fa-music\"><\/i>\n\n<p style=\"font-size:24px;font-weight:700;line-height:1.3;margin:12px 0 18px 0;\">\nPrefiere escucharlo.\n<\/p>\n\n<p>\nPrefiere escucharla.\n<\/p>\n\n<\/div>\n\n<div class=\"nice-feature-card\">\n\n<i class=\"fas fa-users\"><\/i>\n\n<p style=\"font-size:24px;font-weight:700;line-height:1.3;margin:12px 0 18px 0;\">\nLos van a invitar.\n<\/p>\n\n<p>\nVan a invitar a sus amigos.\n<\/p>\n\n<\/div>\n\n<\/div>\n\n<\/section>\n\n<!-- PAST PARTICIPLE AGREEMENT -->\n\n<section class=\"nice-section\">\n\n<div class=\"nice-section-header\">\n\n<h2><b>Pronombres de objeto directo y concordancia con el participio pasado<\/b><\/h2>\n\n<h3>\u00bfCu\u00e1ndo concuerda el participio pasado?<\/h3>\n\n<p>\nUna de las reglas m\u00e1s importantes que hay que aprender es que, con <b>avoir<\/b>, el participio pasado suele concordar en g\u00e9nero y n\u00famero con un <b>pronombre de objeto directo situado antes del verbo<\/b>.\n<\/p>\n\n<\/div>\n\n<div class=\"nice-grid-2\">\n\n<div class=\"nice-feature-card\">\n\n<i class=\"fas fa-female\"><\/i>\n\n<p style=\"font-size:24px;font-weight:700;line-height:1.3;margin:12px 0 18px 0;\">\nLa he visto.\n<\/p>\n\n<p>\nHe visto a Marie. \u2192 La he visto.\n<\/p>\n\n<\/div>\n\n<div class=\"nice-feature-card\">\n\n<i class=\"fas fa-male\"><\/i>\n\n<p style=\"font-size:24px;font-weight:700;line-height:1.3;margin:12px 0 18px 0;\">\nLo he visto.\n<\/p>\n\n<p>\nHe visto a Paul. \u2192 Lo he visto.\n<\/p>\n\n<\/div>\n\n<\/div>\n\n<div style=\"margin-top:35px;\"><\/div>\n\n<div class=\"nice-grid-2\">\n\n<div class=\"nice-feature-card\">\n\n<i class=\"fas fa-seedling\"><\/i>\n\n<p style=\"font-size:24px;font-weight:700;line-height:1.3;margin:12px 0 18px 0;\">\nLas he comprado.\n<\/p>\n\n<p>\nHe comprado las flores. \u2192 Las he comprado.\n<\/p>\n\n<\/div>\n\n<div class=\"nice-feature-card\">\n\n<i class=\"fas fa-book\"><\/i>\n\n<p style=\"font-size:24px;font-weight:700;line-height:1.3;margin:12px 0 18px 0;\">\nLos he comprado.\n<\/p>\n\n<p>\nHe comprado los libros. \u2192 Los he comprado.\n<\/p>\n\n<\/div>\n\n<\/div>\n\n<div style=\"margin-top:45px;\"><\/div>\n\n<div class=\"nice-table-wrap\">\n\n<table>\n\n<thead>\n\n<tr>\n<th><b>Final<\/b><\/th>\n<th><b>G\u00e9nero y n\u00famero<\/b><\/th>\n<\/tr>\n\n<\/thead>\n\n<tbody>\n\n<tr>\n<td>-\u00e9<\/td>\n<td>masculino singular<\/td>\n<\/tr>\n\n<tr>\n<td>-\u00e9e<\/td>\n<td>femenino singular<\/td>\n<\/tr>\n\n<tr>\n<td>-\u00e9s<\/td>\n<td>plural masculino<\/td>\n<\/tr>\n\n<tr>\n<td>-\u00e9es<\/td>\n<td>plural femenino<\/td>\n<\/tr>\n\n<\/tbody>\n\n<\/table>\n\n<\/div>\n\n<div style=\"margin-top:45px;\"><\/div>\n\n<div class=\"nice-summary\">\n\n<p>\nLa concordancia viene determinada por el complemento directo, no por el sujeto.\n<\/p>\n\n<p>\nPor ejemplo:\n\n<b>Las he comprado.<\/b>\n\nEl hablante podr\u00eda ser un hombre o una mujer. El <b>-\u00e9es<\/b> Se utiliza la terminaci\u00f3n porque <i>les<\/i> se refiere a un sustantivo femenino en plural como, por ejemplo, <i>las flores<\/i>.\n<\/p>\n\n<\/div>\n\n<\/section>\n\n<!-- COMMON MISTAKES -->\n\n<section class=\"nice-section\">\n\n<div class=\"nice-section-header\">\n\n<h3>Errores habituales con los pronombres de objeto directo<\/h3>\n\n<p>\nA continuaci\u00f3n, te indicamos algunos errores habituales que debes evitar:\n<\/p>\n\n<\/div>\n\n<div class=\"nice-grid-3\">\n\n<div class=\"nice-feature-card\">\n\n<i class=\"fas fa-exchange-alt\"><\/i>\n\n<p style=\"font-size:24px;font-weight:700;line-height:1.3;margin:12px 0 18px 0;\">\n1. Colocar el pronombre despu\u00e9s del verbo\n<\/p>\n\n<p>\n\u274c <i>Lo miro.<\/i>\n\n\u2705 <i>Lo miro.<\/i>\n<\/p>\n\n<\/div>\n\n<div class=\"nice-feature-card\">\n\n<i class=\"fas fa-random\"><\/i>\n\n<p style=\"font-size:24px;font-weight:700;line-height:1.3;margin:12px 0 18px 0;\">\n2. Confusi\u00f3n entre complementos directos e indirectos\n<\/p>\n\n<p>\n\u274c <i>Lo miro.<\/i>\n\n\u2705 <i>Lo miro.<\/i>\n<\/p>\n\n<\/div>\n\n<div class=\"nice-feature-card\">\n\n<i class=\"fas fa-link\"><\/i>\n\n<p style=\"font-size:24px;font-weight:700;line-height:1.3;margin:12px 0 18px 0;\">\n3. Olvidar la elisi\u00f3n\n<\/p>\n\n<p>\n\u274c <i>Lo quiero.<\/i>\n\n\u2705 <i>La quiero.<\/i>\n<\/p>\n\n<\/div>\n\n<\/div>\n\n<div style=\"margin-top:35px;\"><\/div>\n\n<div class=\"nice-grid-2\">\n\n<div class=\"nice-feature-card\">\n\n<i class=\"fas fa-spell-check\"><\/i>\n\n<p style=\"font-size:24px;font-weight:700;line-height:1.3;margin:12px 0 18px 0;\">\n4. Olvidar la concordancia del participio pasado\n<\/p>\n\n<p>\n\u274c <i>\u00bfLas flores? Las he comprado.<\/i>\n\n\u2705 <i>\u00bfLas flores? Las he comprado.<\/i>\n<\/p>\n\n<\/div>\n\n<div class=\"nice-feature-card\">\n\n<i class=\"fas fa-user\"><\/i>\n\n<p style=\"font-size:24px;font-weight:700;line-height:1.3;margin:12px 0 18px 0;\">\n5. Confundir el pronombre con el sujeto\n<\/p>\n\n<p>\n<i>La veo<\/i> significa \"La veo\", no \"Ella me ve\".\"\n<\/p>\n\n<\/div>\n\n<\/div>\n\n<div style=\"margin-top:45px;\"><\/div>\n\n<div class=\"nice-card\">\n\n<p>\nPracticar estas diferencias en frases completas resulta mucho m\u00e1s eficaz que memorizar reglas aisladas.\n<\/p>\n\n<\/div>\n\n<\/section>\n\n<!-- PRACTICE -->\n\n<section class=\"nice-section\">\n\n<div class=\"nice-section-header\">\n\n<h2><b>Practica los pronombres de objeto directo en franc\u00e9s<\/b><\/h2>\n\n<h3>Ejemplos de frases y ejercicios<\/h3>\n\n<p>\nEmpieza con un ejercicio sencillo de sustituci\u00f3n. Sustituye el complemento directo en negrita por el pronombre correcto.\n<\/p>\n\n<\/div>\n\n<div class=\"nice-table-wrap\">\n\n<table>\n\n<thead>\n\n<tr>\n<th><b>Ejercicio<\/b><\/th>\n<th><b>Respuesta<\/b><\/th>\n<\/tr>\n\n<\/thead>\n\n<tbody>\n\n<tr>\n<td><i>Miro <b>la pel\u00edcula<\/b>.<\/i><\/td>\n<td><b>Lo miro.<\/b><\/td>\n<\/tr>\n\n<tr>\n<td><i>\u00bfLo sabes? <b>Marie<\/b>.<\/i><\/td>\n<td><b>T\u00fa la conoces.<\/b><\/td>\n<\/tr>\n\n<tr>\n<td><i>\u00c9l compra <b>las entradas<\/b>.<\/i><\/td>\n<td><b>Se los compra.<\/b><\/td>\n<\/tr>\n\n<tr>\n<td><i>Os invitamos <b>Paul y Sophie<\/b>.<\/i><\/td>\n<td><b>Les invitamos.<\/b><\/td>\n<\/tr>\n\n<tr>\n<td><i>Ella escucha <b>la canci\u00f3n<\/b>.<\/i><\/td>\n<td><b>Ella le escucha.<\/b><\/td>\n<\/tr>\n\n<tr>\n<td><i>\u00bfLo entiendes? <b>Marie y yo.<\/b><\/i><\/td>\n<td><b>Ya nos entend\u00e9is.<\/b><\/td>\n<\/tr>\n\n<\/tbody>\n\n<\/table>\n\n<\/div>\n\n<div style=\"margin-top:55px;\"><\/div>\n\n<div class=\"nice-section-header\">\n\n<h3>A continuaci\u00f3n, practica convertir las frases al pasado compuesto.<\/h3>\n\n<\/div>\n\n<div class=\"nice-grid-3\">\n\n<div class=\"nice-feature-card\">\n\n<i class=\"fas fa-image\"><\/i>\n\n<p style=\"font-size:24px;font-weight:700;line-height:1.3;margin:12px 0 18px 0;\">\nLa mir\u00e9.\n<\/p>\n\n<p>\nMiro la foto. \u2192 La he mirado.\n<\/p>\n\n<\/div>\n\n<div class=\"nice-feature-card\">\n\n<i class=\"fas fa-seedling\"><\/i>\n\n<p style=\"font-size:24px;font-weight:700;line-height:1.3;margin:12px 0 18px 0;\">\nLas hemos comprado.\n<\/p>\n\n<p>\nCompramos las flores. \u2192 Las hemos comprado.\n<\/p>\n\n<\/div>\n\n<div class=\"nice-feature-card\">\n\n<i class=\"fas fa-train\"><\/i>\n\n<p style=\"font-size:24px;font-weight:700;line-height:1.3;margin:12px 0 18px 0;\">\nSe lo llev\u00f3.\n<\/p>\n\n<p>\nCoge el tren. \u2192 Lo ha cogido.\n<\/p>\n\n<\/div>\n\n<\/div>\n\n<div style=\"margin-top:55px;\"><\/div>\n\n<div class=\"nice-section-header\">\n\n<p>\nPor \u00faltimo, crea tus propios ejemplos utilizando <b>yo, t\u00fa, \u00e9l, ella, nosotros, vosotros,<\/b> y <b>ellos\/ellas<\/b>. Esto ayuda a convertir los conocimientos gramaticales en vocabulario activo.\n<\/p>\n\n<\/div>\n\n<div style=\"margin-top:45px;\"><\/div>\n\n<div class=\"nice-section-header\">\n\n<h3>Consejos para dominar los pronombres de objeto directo en franc\u00e9s<\/h3>\n\n<p>\nLa mejor forma de dominar los pronombres de objeto directo es combinar el estudio de la gram\u00e1tica con la exposici\u00f3n repetida y la comunicaci\u00f3n real.\n<\/p>\n\n<\/div>\n\n<div class=\"nice-grid-3\">\n\n<div class=\"nice-feature-card\">\n\n<i class=\"fas fa-layer-group\"><\/i>\n\n<p style=\"font-size:24px;font-weight:700;line-height:1.3;margin:12px 0 18px 0;\">\nPractica en grupos peque\u00f1os.\n<\/p>\n\n<p>\nAprender <i>le, la, les<\/i> juntos, y luego a\u00f1ade <i>yo, t\u00fa, nosotros,<\/i> y <i>vous<\/i>. Esto hace que el sistema sea m\u00e1s f\u00e1cil de recordar.\n<\/p>\n\n<\/div>\n\n<div class=\"nice-feature-card\">\n\n<i class=\"fas fa-book\"><\/i>\n\n<p style=\"font-size:24px;font-weight:700;line-height:1.3;margin:12px 0 18px 0;\">\nAprende los verbos con sus estructuras sint\u00e1cticas.\n<\/p>\n\n<p>\nEn lugar de limitarse a memorizar <i>regarder = ver<\/i>, aprende:\n<\/p>\n\n<p>\n<i>mirar algo \u2192 Lo miro.<\/i>\n<\/p>\n\n<\/div>\n\n<div class=\"nice-feature-card\">\n\n<i class=\"fas fa-home\"><\/i>\n\n<p style=\"font-size:24px;font-weight:700;line-height:1.3;margin:12px 0 18px 0;\">\nUtiliza situaciones de la vida real.\n<\/p>\n\n<p>\nHabla de los objetos que te rodean:\n<\/p>\n\n<p>\n<i>Cojo el libro \u2192 Lo cojo.<\/i>\n\n<i>Miro por la ventana \u2192 La miro.<\/i>\n\n<i>Compramos las entradas \u2192 Las compramos.<\/i>\n<\/p>\n\n<\/div>\n\n<\/div>\n\n<div style=\"margin-top:55px;\"><\/div>\n\n<div class=\"nice-section-header\">\n\n<h3>Presta atenci\u00f3n a los pronombres.<\/h3>\n\n<p>\nEn el franc\u00e9s hablado, los pronombres de objeto directo son muy habituales. Escuchar a hablantes nativos te ayuda a reconocerlos de forma autom\u00e1tica.\n<\/p>\n\n<\/div>\n\n<div class=\"nice-grid-2\">\n\n<div class=\"nice-feature-card\">\n\n<i class=\"fas fa-headphones\"><\/i>\n\n<p style=\"font-size:24px;font-weight:700;line-height:1.3;margin:12px 0 18px 0;\">\nPresta atenci\u00f3n a los pronombres.\n<\/p>\n\n<p>\nEn el franc\u00e9s hablado, los pronombres de objeto directo son muy habituales. Escuchar a hablantes nativos te ayuda a reconocerlos de forma autom\u00e1tica.\n<\/p>\n\n<\/div>\n\n<div class=\"nice-feature-card\">\n\n<i class=\"fas fa-comments\"><\/i>\n\n<p style=\"font-size:24px;font-weight:700;line-height:1.3;margin:12px 0 18px 0;\">\nPractica en contexto.\n<\/p>\n\n<p>\nEn el Institut de Fran\u00e7ais, las actividades de inmersi\u00f3n pueden ayudarte a pasar de la fase de reconocimiento <i>le, la, les<\/i> desde leerlos en un texto hasta utilizarlos con naturalidad en una conversaci\u00f3n.\n<\/p>\n\n<\/div>\n\n<\/div>\n\n<div style=\"margin-top:45px;\"><\/div>\n\n<div class=\"nice-summary\">\n\n<p>\nEl objetivo no es simplemente memorizar una lista de pronombres franceses, sino que la estructura correcta se convierta en algo autom\u00e1tico:\n<\/p>\n\n<p>\n<b>Sujeto + pronombre de objeto directo + verbo<\/b>\n<\/p>\n\n<p>\nUna vez que te hayas familiarizado con este patr\u00f3n, podr\u00e1s comunicarte con mayor naturalidad, entender el franc\u00e9s cotidiano con mayor facilidad y sentar unas bases m\u00e1s s\u00f3lidas para la gram\u00e1tica francesa m\u00e1s avanzada.\n<\/p>\n\n<p>\nSi quieres desarrollar estas estructuras a trav\u00e9s de una comunicaci\u00f3n real y una pr\u00e1ctica inmersiva, descubre el <a href=\"https:\/\/www.institutdefrancais.com\/es\/cursos-de-inmersion-en-frances\/\"><b>Curso de inmersi\u00f3n en franc\u00e9s<\/b><\/a> en el Institut de Fran\u00e7ais.\n<\/p>\n\n<\/div>\n\n<\/section>\n\n<\/div><\/div><\/div><\/div><\/div><\/div><\/section>","protected":false},"excerpt":{"rendered":"Direct Object Pronouns in French: Le, La, Les and More Direct object pronouns are an essential part of French grammar. They allow you to replace a person, animal, or thing that receives the action of a verb, making French sentences shorter, smoother, and more natural. Instead of repeating the same noun, French speakers use me,...","protected":false},"author":5,"featured_media":3336,"comment_status":"closed","ping_status":"closed","sticky":false,"template":"","format":"standard","meta":{"footnotes":""},"categories":[1],"tags":[],"class_list":["post-3318","post","type-post","status-publish","format-standard","has-post-thumbnail","hentry","category-blog"],"yoast_head":"<!-- This site is optimized with the Yoast SEO Premium plugin v26.8 (Yoast SEO v28.1) - https:\/\/yoast.com\/product\/yoast-seo-premium-wordpress\/ -->\n<title>French Direct Object Pronouns: Me, Te, Le, La, Nous, Vous, Les<\/title>\n<meta name=\"robots\" content=\"index, follow, max-snippet:-1, max-image-preview:large, max-video-preview:-1\" \/>\n<link rel=\"canonical\" href=\"https:\/\/www.institutdefrancais.com\/es\/pronombres-de-objeto-directo-en-frances\/\" \/>\n<meta property=\"og:locale\" content=\"es_ES\" \/>\n<meta property=\"og:type\" content=\"article\" \/>\n<meta property=\"og:title\" content=\"Direct Object Pronouns in French: Le, La, Les and More\" \/>\n<meta property=\"og:url\" content=\"https:\/\/www.institutdefrancais.com\/es\/pronombres-de-objeto-directo-en-frances\/\" \/>\n<meta property=\"og:site_name\" content=\"Institut de Fran\u00e7ais\" \/>\n<meta property=\"article:publisher\" content=\"https:\/\/www.facebook.com\/annexedefrancais\" \/>\n<meta property=\"article:published_time\" content=\"2026-08-31T09:34:43+00:00\" \/>\n<meta property=\"article:modified_time\" content=\"2026-08-31T15:29:12+00:00\" \/>\n<meta property=\"og:image\" content=\"https:\/\/www.institutdefrancais.com\/wp-content\/uploads\/2026\/08\/direct-object-pronouns-french.png\" \/>\n\t<meta property=\"og:image:width\" content=\"1536\" \/>\n\t<meta property=\"og:image:height\" content=\"1024\" \/>\n\t<meta property=\"og:image:type\" content=\"image\/png\" \/>\n<meta name=\"author\" content=\"Primelis\" \/>\n<meta name=\"twitter:card\" content=\"summary_large_image\" \/>\n<meta name=\"twitter:label1\" content=\"Escrito por\" \/>\n\t<meta name=\"twitter:data1\" content=\"Primelis\" \/>\n\t<meta name=\"twitter:label2\" content=\"Tiempo de lectura\" \/>\n\t<meta name=\"twitter:data2\" content=\"1 minuto\" \/>\n<script type=\"application\/ld+json\" class=\"yoast-schema-graph\">{\"@context\":\"https:\\\/\\\/schema.org\",\"@graph\":[{\"@type\":\"Article\",\"@id\":\"https:\\\/\\\/www.institutdefrancais.com\\\/direct-object-pronouns-french\\\/#article\",\"isPartOf\":{\"@id\":\"https:\\\/\\\/www.institutdefrancais.com\\\/direct-object-pronouns-french\\\/\"},\"author\":{\"name\":\"Primelis\",\"@id\":\"https:\\\/\\\/www.institutdefrancais.com\\\/#\\\/schema\\\/person\\\/2007a6780e1c19e9b33d0bfcb96bc830\"},\"headline\":\"Direct Object Pronouns in French: Le, La, Les and More\",\"datePublished\":\"2026-08-31T09:34:43+00:00\",\"dateModified\":\"2026-08-31T15:29:12+00:00\",\"mainEntityOfPage\":{\"@id\":\"https:\\\/\\\/www.institutdefrancais.com\\\/direct-object-pronouns-french\\\/\"},\"wordCount\":4447,\"publisher\":{\"@id\":\"https:\\\/\\\/www.institutdefrancais.com\\\/#organization\"},\"image\":{\"@id\":\"https:\\\/\\\/www.institutdefrancais.com\\\/direct-object-pronouns-french\\\/#primaryimage\"},\"thumbnailUrl\":\"https:\\\/\\\/www.institutdefrancais.com\\\/wp-content\\\/uploads\\\/2026\\\/08\\\/direct-object-pronouns-french.png\",\"articleSection\":[\"Blog\"],\"inLanguage\":\"es\"},{\"@type\":\"WebPage\",\"@id\":\"https:\\\/\\\/www.institutdefrancais.com\\\/direct-object-pronouns-french\\\/\",\"url\":\"https:\\\/\\\/www.institutdefrancais.com\\\/direct-object-pronouns-french\\\/\",\"name\":\"French Direct Object Pronouns: Me, Te, Le, La, Nous, Vous, Les\",\"isPartOf\":{\"@id\":\"https:\\\/\\\/www.institutdefrancais.com\\\/#website\"},\"primaryImageOfPage\":{\"@id\":\"https:\\\/\\\/www.institutdefrancais.com\\\/direct-object-pronouns-french\\\/#primaryimage\"},\"image\":{\"@id\":\"https:\\\/\\\/www.institutdefrancais.com\\\/direct-object-pronouns-french\\\/#primaryimage\"},\"thumbnailUrl\":\"https:\\\/\\\/www.institutdefrancais.com\\\/wp-content\\\/uploads\\\/2026\\\/08\\\/direct-object-pronouns-french.png\",\"datePublished\":\"2026-08-31T09:34:43+00:00\",\"dateModified\":\"2026-08-31T15:29:12+00:00\",\"breadcrumb\":{\"@id\":\"https:\\\/\\\/www.institutdefrancais.com\\\/direct-object-pronouns-french\\\/#breadcrumb\"},\"inLanguage\":\"es\",\"potentialAction\":[{\"@type\":\"ReadAction\",\"target\":[\"https:\\\/\\\/www.institutdefrancais.com\\\/direct-object-pronouns-french\\\/\"]}]},{\"@type\":\"ImageObject\",\"inLanguage\":\"es\",\"@id\":\"https:\\\/\\\/www.institutdefrancais.com\\\/direct-object-pronouns-french\\\/#primaryimage\",\"url\":\"https:\\\/\\\/www.institutdefrancais.com\\\/wp-content\\\/uploads\\\/2026\\\/08\\\/direct-object-pronouns-french.png\",\"contentUrl\":\"https:\\\/\\\/www.institutdefrancais.com\\\/wp-content\\\/uploads\\\/2026\\\/08\\\/direct-object-pronouns-french.png\",\"width\":1536,\"height\":1024},{\"@type\":\"BreadcrumbList\",\"@id\":\"https:\\\/\\\/www.institutdefrancais.com\\\/direct-object-pronouns-french\\\/#breadcrumb\",\"itemListElement\":[{\"@type\":\"ListItem\",\"position\":1,\"name\":\"Home\",\"item\":\"https:\\\/\\\/www.institutdefrancais.com\\\/\"},{\"@type\":\"ListItem\",\"position\":2,\"name\":\"Direct Object Pronouns in French: Le, La, Les and More\"}]},{\"@type\":\"WebSite\",\"@id\":\"https:\\\/\\\/www.institutdefrancais.com\\\/#website\",\"url\":\"https:\\\/\\\/www.institutdefrancais.com\\\/\",\"name\":\"Institut de Fran\u00e7ais\",\"description\":\"French language school in France\",\"publisher\":{\"@id\":\"https:\\\/\\\/www.institutdefrancais.com\\\/#organization\"},\"potentialAction\":[{\"@type\":\"SearchAction\",\"target\":{\"@type\":\"EntryPoint\",\"urlTemplate\":\"https:\\\/\\\/www.institutdefrancais.com\\\/?s={search_term_string}\"},\"query-input\":{\"@type\":\"PropertyValueSpecification\",\"valueRequired\":true,\"valueName\":\"search_term_string\"}}],\"inLanguage\":\"es\"},{\"@type\":\"Organization\",\"@id\":\"https:\\\/\\\/www.institutdefrancais.com\\\/#organization\",\"name\":\"Institut de Fran\u00e7ais\",\"url\":\"https:\\\/\\\/www.institutdefrancais.com\\\/\",\"logo\":{\"@type\":\"ImageObject\",\"inLanguage\":\"es\",\"@id\":\"https:\\\/\\\/www.institutdefrancais.com\\\/#\\\/schema\\\/logo\\\/image\\\/\",\"url\":\"https:\\\/\\\/institutdefrancais.com\\\/wp-content\\\/uploads\\\/2026\\\/02\\\/Institu-de-Francais_Logo_Monogramme_nice-1200x630-2.jpg.jpeg\",\"contentUrl\":\"https:\\\/\\\/institutdefrancais.com\\\/wp-content\\\/uploads\\\/2026\\\/02\\\/Institu-de-Francais_Logo_Monogramme_nice-1200x630-2.jpg.jpeg\",\"width\":1200,\"height\":630,\"caption\":\"Institut de Fran\u00e7ais\"},\"image\":{\"@id\":\"https:\\\/\\\/www.institutdefrancais.com\\\/#\\\/schema\\\/logo\\\/image\\\/\"},\"sameAs\":[\"https:\\\/\\\/www.facebook.com\\\/annexedefrancais\",\"https:\\\/\\\/www.instagram.com\\\/annexedefrancais\\\/\"]},{\"@type\":\"Person\",\"@id\":\"https:\\\/\\\/www.institutdefrancais.com\\\/#\\\/schema\\\/person\\\/2007a6780e1c19e9b33d0bfcb96bc830\",\"name\":\"Primelis\",\"image\":{\"@type\":\"ImageObject\",\"inLanguage\":\"es\",\"@id\":\"https:\\\/\\\/secure.gravatar.com\\\/avatar\\\/c0935c1aa2d57be6d9fee5dff6d3efca19dc7c80211843e0fa9c383eac8fca15?s=96&d=mm&r=g\",\"url\":\"https:\\\/\\\/secure.gravatar.com\\\/avatar\\\/c0935c1aa2d57be6d9fee5dff6d3efca19dc7c80211843e0fa9c383eac8fca15?s=96&d=mm&r=g\",\"contentUrl\":\"https:\\\/\\\/secure.gravatar.com\\\/avatar\\\/c0935c1aa2d57be6d9fee5dff6d3efca19dc7c80211843e0fa9c383eac8fca15?s=96&d=mm&r=g\",\"caption\":\"Primelis\"},\"url\":\"https:\\\/\\\/www.institutdefrancais.com\\\/es\\\/author\\\/primelis\\\/\"}]}<\/script>\n<!-- \/ Yoast SEO Premium plugin. -->","yoast_head_json":{"title":"Pronombres de objeto directo en franc\u00e9s: Me, Te, Le, La, Nous, Vous, Les","robots":{"index":"index","follow":"follow","max-snippet":"max-snippet:-1","max-image-preview":"max-image-preview:large","max-video-preview":"max-video-preview:-1"},"canonical":"https:\/\/www.institutdefrancais.com\/es\/pronombres-de-objeto-directo-en-frances\/","og_locale":"es_ES","og_type":"article","og_title":"Direct Object Pronouns in French: Le, La, Les and More","og_url":"https:\/\/www.institutdefrancais.com\/es\/pronombres-de-objeto-directo-en-frances\/","og_site_name":"Institut de Fran\u00e7ais","article_publisher":"https:\/\/www.facebook.com\/annexedefrancais","article_published_time":"2026-08-31T09:34:43+00:00","article_modified_time":"2026-08-31T15:29:12+00:00","og_image":[{"width":1536,"height":1024,"url":"https:\/\/www.institutdefrancais.com\/wp-content\/uploads\/2026\/08\/direct-object-pronouns-french.png","type":"image\/png"}],"author":"Primelis","twitter_card":"summary_large_image","twitter_misc":{"Escrito por":"Primelis","Tiempo de lectura":"1 minuto"},"schema":{"@context":"https:\/\/schema.org","@graph":[{"@type":"Article","@id":"https:\/\/www.institutdefrancais.com\/direct-object-pronouns-french\/#article","isPartOf":{"@id":"https:\/\/www.institutdefrancais.com\/direct-object-pronouns-french\/"},"author":{"name":"Primelis","@id":"https:\/\/www.institutdefrancais.com\/#\/schema\/person\/2007a6780e1c19e9b33d0bfcb96bc830"},"headline":"Direct Object Pronouns in French: Le, La, Les and More","datePublished":"2026-08-31T09:34:43+00:00","dateModified":"2026-08-31T15:29:12+00:00","mainEntityOfPage":{"@id":"https:\/\/www.institutdefrancais.com\/direct-object-pronouns-french\/"},"wordCount":4447,"publisher":{"@id":"https:\/\/www.institutdefrancais.com\/#organization"},"image":{"@id":"https:\/\/www.institutdefrancais.com\/direct-object-pronouns-french\/#primaryimage"},"thumbnailUrl":"https:\/\/www.institutdefrancais.com\/wp-content\/uploads\/2026\/08\/direct-object-pronouns-french.png","articleSection":["Blog"],"inLanguage":"es"},{"@type":"WebPage","@id":"https:\/\/www.institutdefrancais.com\/direct-object-pronouns-french\/","url":"https:\/\/www.institutdefrancais.com\/direct-object-pronouns-french\/","name":"Pronombres de objeto directo en franc\u00e9s: Me, Te, Le, La, Nous, Vous, Les","isPartOf":{"@id":"https:\/\/www.institutdefrancais.com\/#website"},"primaryImageOfPage":{"@id":"https:\/\/www.institutdefrancais.com\/direct-object-pronouns-french\/#primaryimage"},"image":{"@id":"https:\/\/www.institutdefrancais.com\/direct-object-pronouns-french\/#primaryimage"},"thumbnailUrl":"https:\/\/www.institutdefrancais.com\/wp-content\/uploads\/2026\/08\/direct-object-pronouns-french.png","datePublished":"2026-08-31T09:34:43+00:00","dateModified":"2026-08-31T15:29:12+00:00","breadcrumb":{"@id":"https:\/\/www.institutdefrancais.com\/direct-object-pronouns-french\/#breadcrumb"},"inLanguage":"es","potentialAction":[{"@type":"ReadAction","target":["https:\/\/www.institutdefrancais.com\/direct-object-pronouns-french\/"]}]},{"@type":"ImageObject","inLanguage":"es","@id":"https:\/\/www.institutdefrancais.com\/direct-object-pronouns-french\/#primaryimage","url":"https:\/\/www.institutdefrancais.com\/wp-content\/uploads\/2026\/08\/direct-object-pronouns-french.png","contentUrl":"https:\/\/www.institutdefrancais.com\/wp-content\/uploads\/2026\/08\/direct-object-pronouns-french.png","width":1536,"height":1024},{"@type":"BreadcrumbList","@id":"https:\/\/www.institutdefrancais.com\/direct-object-pronouns-french\/#breadcrumb","itemListElement":[{"@type":"ListItem","position":1,"name":"Home","item":"https:\/\/www.institutdefrancais.com\/"},{"@type":"ListItem","position":2,"name":"Direct Object Pronouns in French: Le, La, Les and More"}]},{"@type":"WebSite","@id":"https:\/\/www.institutdefrancais.com\/#website","url":"https:\/\/www.institutdefrancais.com\/","name":"Instituto de Franc\u00e9s","description":"Escuela de franc\u00e9s en Francia","publisher":{"@id":"https:\/\/www.institutdefrancais.com\/#organization"},"potentialAction":[{"@type":"SearchAction","target":{"@type":"EntryPoint","urlTemplate":"https:\/\/www.institutdefrancais.com\/?s={search_term_string}"},"query-input":{"@type":"PropertyValueSpecification","valueRequired":true,"valueName":"search_term_string"}}],"inLanguage":"es"},{"@type":"Organization","@id":"https:\/\/www.institutdefrancais.com\/#organization","name":"Instituto de Franc\u00e9s","url":"https:\/\/www.institutdefrancais.com\/","logo":{"@type":"ImageObject","inLanguage":"es","@id":"https:\/\/www.institutdefrancais.com\/#\/schema\/logo\/image\/","url":"https:\/\/institutdefrancais.com\/wp-content\/uploads\/2026\/02\/Institu-de-Francais_Logo_Monogramme_nice-1200x630-2.jpg.jpeg","contentUrl":"https:\/\/institutdefrancais.com\/wp-content\/uploads\/2026\/02\/Institu-de-Francais_Logo_Monogramme_nice-1200x630-2.jpg.jpeg","width":1200,"height":630,"caption":"Institut de Fran\u00e7ais"},"image":{"@id":"https:\/\/www.institutdefrancais.com\/#\/schema\/logo\/image\/"},"sameAs":["https:\/\/www.facebook.com\/annexedefrancais","https:\/\/www.instagram.com\/annexedefrancais\/"]},{"@type":"Person","@id":"https:\/\/www.institutdefrancais.com\/#\/schema\/person\/2007a6780e1c19e9b33d0bfcb96bc830","name":"Primelis","image":{"@type":"ImageObject","inLanguage":"es","@id":"https:\/\/secure.gravatar.com\/avatar\/c0935c1aa2d57be6d9fee5dff6d3efca19dc7c80211843e0fa9c383eac8fca15?s=96&d=mm&r=g","url":"https:\/\/secure.gravatar.com\/avatar\/c0935c1aa2d57be6d9fee5dff6d3efca19dc7c80211843e0fa9c383eac8fca15?s=96&d=mm&r=g","contentUrl":"https:\/\/secure.gravatar.com\/avatar\/c0935c1aa2d57be6d9fee5dff6d3efca19dc7c80211843e0fa9c383eac8fca15?s=96&d=mm&r=g","caption":"Primelis"},"url":"https:\/\/www.institutdefrancais.com\/es\/author\/primelis\/"}]}},"_links":{"self":[{"href":"https:\/\/www.institutdefrancais.com\/es\/wp-json\/wp\/v2\/posts\/3318","targetHints":{"allow":["GET"]}}],"collection":[{"href":"https:\/\/www.institutdefrancais.com\/es\/wp-json\/wp\/v2\/posts"}],"about":[{"href":"https:\/\/www.institutdefrancais.com\/es\/wp-json\/wp\/v2\/types\/post"}],"author":[{"embeddable":true,"href":"https:\/\/www.institutdefrancais.com\/es\/wp-json\/wp\/v2\/users\/5"}],"replies":[{"embeddable":true,"href":"https:\/\/www.institutdefrancais.com\/es\/wp-json\/wp\/v2\/comments?post=3318"}],"version-history":[{"count":2,"href":"https:\/\/www.institutdefrancais.com\/es\/wp-json\/wp\/v2\/posts\/3318\/revisions"}],"predecessor-version":[{"id":3320,"href":"https:\/\/www.institutdefrancais.com\/es\/wp-json\/wp\/v2\/posts\/3318\/revisions\/3320"}],"wp:featuredmedia":[{"embeddable":true,"href":"https:\/\/www.institutdefrancais.com\/es\/wp-json\/wp\/v2\/media\/3336"}],"wp:attachment":[{"href":"https:\/\/www.institutdefrancais.com\/es\/wp-json\/wp\/v2\/media?parent=3318"}],"wp:term":[{"taxonomy":"category","embeddable":true,"href":"https:\/\/www.institutdefrancais.com\/es\/wp-json\/wp\/v2\/categories?post=3318"},{"taxonomy":"post_tag","embeddable":true,"href":"https:\/\/www.institutdefrancais.com\/es\/wp-json\/wp\/v2\/tags?post=3318"}],"curies":[{"name":"wp","href":"https:\/\/api.w.org\/{rel}","templated":true}]}}