{"id":3328,"date":"2026-08-31T12:06:27","date_gmt":"2026-08-31T10:06:27","guid":{"rendered":"https:\/\/www.institutdefrancais.com\/?p=3328"},"modified":"2026-08-31T12:06:27","modified_gmt":"2026-08-31T10:06:27","slug":"pronombres-personales-en-frances","status":"publish","type":"post","link":"https:\/\/www.institutdefrancais.com\/es\/pronombres-personales-en-frances\/","title":{"rendered":"Pronombres personales en franc\u00e9s: Je, Tu, Il, Elle, On, Nous, Vous, Ils, Elles"},"content":{"rendered":"<section class=\"l-section wpb_row height_medium\"><div class=\"l-section-h i-cf\"><div class=\"g-cols vc_row via_grid cols_1 laptops-cols_inherit tablets-cols_inherit mobiles-cols_1 valign_top type_default stacking_default\"><div class=\"wpb_column vc_column_container\"><div class=\"vc_column-inner\"><div class=\"w-html\"><div id=\"nice-page-wrapper\">\n\n<h1 class=\"titrepage\" style=\"text-align:center;margin:70px 0 30px;\">\nPronombres personales en franc\u00e9s: Je, Tu, Il, Elle, On, Nous, Vous, Ils, Elles\n<\/h1>\n\n<div style=\"margin-top:50px;\"><\/div>\n\n<!-- INTRODUCTION -->\n\n<section class=\"nice-section\">\n\n<div class=\"nice-section-header\">\n\n<p>\nLos pronombres sujetos en franc\u00e9s indican qui\u00e9n realiza una acci\u00f3n. Son esenciales porque los verbos franceses cambian de forma seg\u00fan el sujeto.\n<\/p>\n\n<p>\nLos nueve pronombres personales principales del franc\u00e9s son: <b>yo, t\u00fa, \u00e9l, ella, uno, nosotros, vosotros, ellos,<\/b> y <b>ellas<\/b>. Algunos se corresponden casi exactamente con los pronombres del ingl\u00e9s, mientras que otros requieren una explicaci\u00f3n un poco m\u00e1s detallada.\n<\/p>\n\n<p>\nPara los principiantes que est\u00e1n aprendiendo franc\u00e9s, comprender estos pronombres es uno de los primeros pasos para construir frases correctas y mejorar la gram\u00e1tica francesa.\n<\/p>\n\n<\/div>\n\n<\/section>\n\n<!-- THE 9 PRONOUNS -->\n\n<section class=\"nice-section\">\n\n<div class=\"nice-section-header\">\n\n<h2><b>Los 9 pronombres personales del franc\u00e9s que debes conocer<\/b><\/h2>\n\n<h3>Je, tu, il y elle<\/h3>\n\n<p>\n<b>Je<\/b> significa \"yo\" y se refiere a ti mismo:\n<\/p>\n\n<\/div>\n\n<div class=\"nice-card\">\n\n<p>\n<b>Hablo franc\u00e9s.<\/b> \u2014 Hablo franc\u00e9s.\n<\/p>\n\n<\/div>\n\n<div style=\"margin-top:35px;\"><\/div>\n\n<div class=\"nice-section-header\">\n\n<p>\n<b>T\u00fa<\/b> significa \"t\u00fa\" cuando te diriges a una persona de manera informal:\n<\/p>\n\n<\/div>\n\n<div class=\"nice-card\">\n\n<p>\n<b>Vives en Par\u00eds.<\/b> \u2014 Vives en Par\u00eds.\n<\/p>\n\n<\/div>\n\n<div style=\"margin-top:35px;\"><\/div>\n\n<div class=\"nice-section-header\">\n\n<p>\n<b>El<\/b> Por lo general significa \"\u00e9l\", pero tambi\u00e9n puede referirse a un sustantivo masculino o a un objeto:\n<\/p>\n\n<\/div>\n\n<div class=\"nice-card\">\n\n<p>\n<b>Trabaja aqu\u00ed.<\/b> \u2014 Trabaja aqu\u00ed.\n<\/p>\n\n<\/div>\n\n<div style=\"margin-top:35px;\"><\/div>\n\n<div class=\"nice-section-header\">\n\n<p>\n<b>Elle<\/b> significa \"ella\" y tambi\u00e9n puede referirse a un sustantivo o una cosa de g\u00e9nero femenino:\n<\/p>\n\n<\/div>\n\n<div class=\"nice-card\">\n\n<p>\n<b>Habla ingl\u00e9s.<\/b> \u2014 Habla ingl\u00e9s.\n<\/p>\n\n<\/div>\n\n<div style=\"margin-top:45px;\"><\/div>\n\n<div class=\"nice-summary\">\n\n<p>\nA diferencia del ingl\u00e9s, el franc\u00e9s distingue el g\u00e9nero gramatical en muchos sustantivos. Por eso <b>il<\/b> y <b>ella<\/b> no siempre se refieren a personas.\n<\/p>\n\n<\/div>\n\n<div style=\"margin-top:55px;\"><\/div>\n\n<div class=\"nice-section-header\">\n\n<h3>On y nous<\/h3>\n\n<p>\n<b>Nosotros<\/b> significa \"nosotros\" y se utiliza tradicionalmente en el franc\u00e9s m\u00e1s formal o escrito:\n<\/p>\n\n<\/div>\n\n<div class=\"nice-card\">\n\n<p>\n<b>Vivimos en Francia.<\/b> \u2014 Vivimos en Francia.\n<\/p>\n\n<\/div>\n\n<div style=\"margin-top:35px;\"><\/div>\n\n<div class=\"nice-section-header\">\n\n<p>\nPero en el franc\u00e9s coloquial, <b>en<\/b> es muy habitual y suele significar \"nosotros\":\n<\/p>\n\n<\/div>\n\n<div class=\"nice-card\">\n\n<p>\n<b>Nos vamos al restaurante.<\/b> \u2014 Nos vamos al restaurante.\n<\/p>\n\n<\/div>\n\n<div style=\"margin-top:45px;\"><\/div>\n\n<div class=\"nice-summary\">\n\n<p>\nEl aspecto gramatical importante es que <b>en<\/b> se utiliza un verbo en tercera persona del singular:\n<\/p>\n\n<p>\n<b>Ya estamos listos.<\/b> \u2014 Ya estamos listos.\n<\/p>\n\n<p>\nNota:\n\n<b>Ya estamos listos.<\/b>\n<\/p>\n\n<p>\nAprender a reconocer <b>en<\/b> es fundamental para comprender el franc\u00e9s hablado natural.\n<\/p>\n\n<\/div>\n\n<div style=\"margin-top:55px;\"><\/div>\n\n<div class=\"nice-section-header\">\n\n<h3>\u00abVous\u00bb, \u00abils\u00bb y \u00abelles\u00bb<\/h3>\n\n<p>\n<b>T\u00fa<\/b> tiene dos usos:\n<\/p>\n\n<\/div>\n\n<div class=\"nice-grid-2\">\n\n<div class=\"nice-feature-card\">\n\n<i class=\"fas fa-user\"><\/i>\n\n<p style=\"font-size:24px;font-weight:700;line-height:1.3;margin:12px 0 18px 0;\">\n\"T\u00fa\" cuando se habla de manera formal a una sola persona.\n<\/p>\n\n<\/div>\n\n<div class=\"nice-feature-card\">\n\n<i class=\"fas fa-users\"><\/i>\n\n<p style=\"font-size:24px;font-weight:700;line-height:1.3;margin:12px 0 18px 0;\">\n\"T\u00fa\" cuando se habla con varias personas.\n<\/p>\n\n<\/div>\n\n<\/div>\n\n<div style=\"margin-top:45px;\"><\/div>\n\n<div class=\"nice-section-header\">\n\n<p>\nPor ejemplo:\n<\/p>\n\n<\/div>\n\n<div class=\"nice-grid-2\">\n\n<div class=\"nice-feature-card\">\n\n<i class=\"fas fa-question\"><\/i>\n\n<p style=\"font-size:24px;font-weight:700;line-height:1.3;margin:12px 0 18px 0;\">\n\u00bfEres profesor?\n<\/p>\n\n<p>\n\u00bfEres profesor?\n<\/p>\n\n<\/div>\n\n<div class=\"nice-feature-card\">\n\n<i class=\"fas fa-users\"><\/i>\n\n<p style=\"font-size:24px;font-weight:700;line-height:1.3;margin:12px 0 18px 0;\">\n\u00bfEst\u00e1is listos?\n<\/p>\n\n<p>\n\u00bfEst\u00e1s listo?\n<\/p>\n\n<\/div>\n\n<\/div>\n\n<div style=\"margin-top:45px;\"><\/div>\n\n<div class=\"nice-section-header\">\n\n<p>\n<b>Ellos<\/b> suele significar \"ellos\" cuando se refiere a un grupo masculino o a un grupo mixto:\n<\/p>\n\n<\/div>\n\n<div class=\"nice-card\">\n\n<p>\n<b>Trabajan aqu\u00ed.<\/b> \u2014 Trabajan aqu\u00ed.\n<\/p>\n\n<\/div>\n\n<div style=\"margin-top:35px;\"><\/div>\n\n<div class=\"nice-section-header\">\n\n<p>\n<b>Elles<\/b> significa \"ellas\" para referirse a un grupo compuesto exclusivamente por mujeres:\n<\/p>\n\n<\/div>\n\n<div class=\"nice-card\">\n\n<p>\n<b>Hablan franc\u00e9s.<\/b> \u2014 Hablan franc\u00e9s.\n<\/p>\n\n<\/div>\n\n<div style=\"margin-top:45px;\"><\/div>\n\n<div class=\"nice-section-header\">\n\n<p>\nA continuaci\u00f3n, te ofrecemos un breve resumen:\n<\/p>\n\n<\/div>\n\n<div class=\"nice-table-wrap\">\n\n<table>\n\n<thead>\n\n<tr>\n<th><b>Pronombre<\/b><\/th>\n<th><b>Ingl\u00e9s<\/b><\/th>\n<th><b>Uso habitual<\/b><\/th>\n<th><b>Pronunciaci\u00f3n<\/b><\/th>\n<\/tr>\n\n<\/thead>\n\n<tbody>\n\n<tr>\n<td>je<\/td>\n<td>I<\/td>\n<td>t\u00fa mismo<\/td>\n<td>zhuh<\/td>\n<\/tr>\n\n<tr>\n<td>t\u00fa<\/td>\n<td>usted<\/td>\n<td>una persona, de manera informal<\/td>\n<td>tambi\u00e9n<\/td>\n<\/tr>\n\n<tr>\n<td>il<\/td>\n<td>\u00e9l \/ ello<\/td>\n<td>masculino singular<\/td>\n<td>anguila<\/td>\n<\/tr>\n\n<tr>\n<td>ella<\/td>\n<td>ella \/ ello<\/td>\n<td>femenino singular<\/td>\n<td>el<\/td>\n<\/tr>\n\n<tr>\n<td>en<\/td>\n<td>nosotros \/ uno<\/td>\n<td>\"nosotros\" de cada d\u00eda\"<\/td>\n<td>ohn<\/td>\n<\/tr>\n\n<tr>\n<td>nous<\/td>\n<td>nosotros<\/td>\n<td>\"nosotros\" (formal\/escrito)\"<\/td>\n<td>noo<\/td>\n<\/tr>\n\n<tr>\n<td>vous<\/td>\n<td>usted<\/td>\n<td>formal o plural<\/td>\n<td>voo<\/td>\n<\/tr>\n\n<tr>\n<td>ils<\/td>\n<td>ellos<\/td>\n<td>masculino\/mixto<\/td>\n<td>anguila<\/td>\n<\/tr>\n\n<tr>\n<td>ellas<\/td>\n<td>ellos<\/td>\n<td>plural femenino<\/td>\n<td>el<\/td>\n<\/tr>\n\n<\/tbody>\n\n<\/table>\n\n<\/div>\n\n<\/section>\n\n<!-- WHO THEY REFER TO -->\n\n<section class=\"nice-section\">\n\n<div class=\"nice-section-header\">\n\n<h2><b>Los pronombres de sujeto en franc\u00e9s y a qui\u00e9nes se refieren<\/b><\/h2>\n\n<h3>Hablar de uno mismo con \u00abje\u00bb<\/h3>\n\n<p>\nUtilice <b>je<\/b> cuando hablas de ti mismo.\n<\/p>\n\n<p>\nEjemplos:\n<\/p>\n\n<\/div>\n\n<div class=\"nice-grid-3\">\n\n<div class=\"nice-feature-card\">\n\n<i class=\"fas fa-flag\"><\/i>\n\n<p style=\"font-size:24px;font-weight:700;line-height:1.3;margin:12px 0 18px 0;\">\nSoy franc\u00e9s.\n<\/p>\n\n<p>\nSoy franc\u00e9s.\n<\/p>\n\n<\/div>\n\n<div class=\"nice-feature-card\">\n\n<i class=\"fas fa-briefcase\"><\/i>\n\n<p style=\"font-size:24px;font-weight:700;line-height:1.3;margin:12px 0 18px 0;\">\nTrabajo en Nantes.\n<\/p>\n\n<p>\nTrabajo en Nantes.\n<\/p>\n\n<\/div>\n\n<div class=\"nice-feature-card\">\n\n<i class=\"fas fa-comments\"><\/i>\n\n<p style=\"font-size:24px;font-weight:700;line-height:1.3;margin:12px 0 18px 0;\">\nHablo ingl\u00e9s.\n<\/p>\n\n<p>\nHablo ingl\u00e9s.\n<\/p>\n\n<\/div>\n\n<\/div>\n\n<div style=\"margin-top:45px;\"><\/div>\n\n<div class=\"nice-section-header\">\n\n<p>\nAntes de una vocal o de una letra muda <b>h<\/b>, <b>je<\/b> se convierte en <b>j'<\/b>:\n<\/p>\n\n<\/div>\n\n<div class=\"nice-grid-2\">\n\n<div class=\"nice-feature-card\">\n\n<i class=\"fas fa-home\"><\/i>\n\n<p style=\"font-size:24px;font-weight:700;line-height:1.3;margin:12px 0 18px 0;\">\nVivo en Francia.\n<\/p>\n\n<p>\nVivo en Francia.\n<\/p>\n\n<\/div>\n\n<div class=\"nice-feature-card\">\n\n<i class=\"fas fa-heart\"><\/i>\n\n<p style=\"font-size:24px;font-weight:700;line-height:1.3;margin:12px 0 18px 0;\">\nMe gusta el franc\u00e9s.\n<\/p>\n\n<p>\nMe gusta el franc\u00e9s.\n<\/p>\n\n<\/div>\n\n<\/div>\n\n<div style=\"margin-top:45px;\"><\/div>\n\n<div class=\"nice-summary\">\n\n<p>\nEsta contracci\u00f3n hace que el franc\u00e9s hablado resulte m\u00e1s fluido.\n<\/p>\n\n<\/div>\n\n<div style=\"margin-top:55px;\"><\/div>\n\n<div class=\"nice-section-header\">\n\n<h3>Hablar con una o varias personas<\/h3>\n\n<p>\nLa elecci\u00f3n entre <b>t\u00fa<\/b> y <b>vous<\/b> Depende del n\u00famero de personas y de la relaci\u00f3n social.\n<\/p>\n\n<\/div>\n\n<div class=\"nice-grid-2\">\n\n<div class=\"nice-feature-card\">\n\n<i class=\"fas fa-user\"><\/i>\n\n<p style=\"font-size:24px;font-weight:700;line-height:1.3;margin:12px 0 18px 0;\">\nUtiliza \u00abtu\u00bb para referirte a una persona en un contexto informal:\n<\/p>\n\n<p>\n<b>\u00bfVas bien?<\/b> \u2014 \u00bfC\u00f3mo est\u00e1s?\n<\/p>\n\n<\/div>\n\n<div class=\"nice-feature-card\">\n\n<i class=\"fas fa-users\"><\/i>\n\n<p style=\"font-size:24px;font-weight:700;line-height:1.3;margin:12px 0 18px 0;\">\nUtiliza \u00abvous\u00bb cuando te dirijas a varias personas:\n<\/p>\n\n<p>\n<b>\u00bfEst\u00e1s bien?<\/b> \u2014 \u00bfEst\u00e1is todos bien?\n<\/p>\n\n<\/div>\n\n<\/div>\n\n<div style=\"margin-top:45px;\"><\/div>\n\n<div class=\"nice-summary\">\n\n<p>\nTambi\u00e9n puedes utilizar <b>vous<\/b> con una persona cuando sea adecuado mantener una relaci\u00f3n formal o respetuosa.\n<\/p>\n\n<\/div>\n\n<div style=\"margin-top:55px;\"><\/div>\n\n<div class=\"nice-section-header\">\n\n<h3>Hablar de personas y cosas con \u00abil\u00bb y \u00abelle\u00bb<\/h3>\n\n<p>\n<b>El<\/b> y <b>ella<\/b> puede referirse tanto a personas como a cosas.\n<\/p>\n\n<p>\nPara las personas:\n<\/p>\n\n<\/div>\n\n<div class=\"nice-grid-2\">\n\n<div class=\"nice-feature-card\">\n\n<i class=\"fas fa-male\"><\/i>\n\n<p style=\"font-size:24px;font-weight:700;line-height:1.3;margin:12px 0 18px 0;\">\nEs franc\u00e9s.\n<\/p>\n\n<p>\nEs franc\u00e9s.\n<\/p>\n\n<\/div>\n\n<div class=\"nice-feature-card\">\n\n<i class=\"fas fa-female\"><\/i>\n\n<p style=\"font-size:24px;font-weight:700;line-height:1.3;margin:12px 0 18px 0;\">\nEs francesa.\n<\/p>\n\n<p>\nEs francesa.\n<\/p>\n\n<\/div>\n\n<\/div>\n\n<div style=\"margin-top:35px;\"><\/div>\n\n<div class=\"nice-section-header\">\n\n<p>\nPara las cosas:\n<\/p>\n\n<\/div>\n\n<div class=\"nice-grid-2\">\n\n<div class=\"nice-feature-card\">\n\n<i class=\"fas fa-book\"><\/i>\n\n<p style=\"font-size:24px;font-weight:700;line-height:1.3;margin:12px 0 18px 0;\">\nEl libro es interesante.\n<\/p>\n\n<p>\n<b>Es interesante.<\/b>\n\nEl libro es interesante. Es interesante.\n<\/p>\n\n<\/div>\n\n<div class=\"nice-feature-card\">\n\n<i class=\"fas fa-home\"><\/i>\n\n<p style=\"font-size:24px;font-weight:700;line-height:1.3;margin:12px 0 18px 0;\">\nLa casa es grande.\n<\/p>\n\n<p>\n<b>Es alta.<\/b>\n\nLa casa es grande. Es grande.\n<\/p>\n\n<\/div>\n\n<\/div>\n\n<div style=\"margin-top:45px;\"><\/div>\n\n<div class=\"nice-summary\">\n\n<p>\nEl pronombre debe coincidir con el g\u00e9nero gramatical del sustantivo.\n<\/p>\n\n<\/div>\n\n<\/section>\n\n<!-- TU VS VOUS -->\n\n<section class=\"nice-section\">\n\n<div class=\"nice-section-header\">\n\n<h2><b>\u00bf\u00abTu\u00bb o \u00abVous\u00bb? C\u00f3mo elegir el pronombre personal adecuado en franc\u00e9s<\/b><\/h2>\n\n<h3>El uso de \u00abtu\u00bb con amigos y personas que conoces<\/h3>\n\n<p>\n<b>T\u00fa<\/b> Se suele utilizar con amigos, familiares, ni\u00f1os y personas con las que se mantiene una relaci\u00f3n informal.\n<\/p>\n\n<p>\nPor ejemplo:\n<\/p>\n\n<\/div>\n\n<div class=\"nice-grid-2\">\n\n<div class=\"nice-feature-card\">\n\n<i class=\"fas fa-map-marker-alt\"><\/i>\n\n<p style=\"font-size:24px;font-weight:700;line-height:1.3;margin:12px 0 18px 0;\">\n\u00bfD\u00f3nde vives?\n<\/p>\n\n<p>\n\u00bfD\u00f3nde vives?\n<\/p>\n\n<\/div>\n\n<div class=\"nice-feature-card\">\n\n<i class=\"fas fa-coffee\"><\/i>\n\n<p style=\"font-size:24px;font-weight:700;line-height:1.3;margin:12px 0 18px 0;\">\n\u00bfQuieres un caf\u00e9?\n<\/p>\n\n<p>\n\u00bfTe apetece un caf\u00e9?\n<\/p>\n\n<\/div>\n\n<\/div>\n\n<div style=\"margin-top:45px;\"><\/div>\n\n<div class=\"nice-summary\">\n\n<p>\nAl aprender franc\u00e9s, oir\u00e1s <b>t\u00fa<\/b> constantemente en conversaciones informales.\n<\/p>\n\n<\/div>\n\n<div style=\"margin-top:55px;\"><\/div>\n\n<div class=\"nice-section-header\">\n\n<h3>El uso de \"vous\" para expresar formalidad y el \u00abvosotros\u00bb plural\"<\/h3>\n\n<p>\n<b>T\u00fa<\/b> Se utiliza cuando se habla de manera formal con una sola persona y siempre que se dirija a m\u00e1s de una persona.\n<\/p>\n\n<p>\nPor ejemplo, en un entorno profesional:\n<\/p>\n\n<\/div>\n\n<div class=\"nice-card\">\n\n<p>\n<b>Hola, \u00bfqu\u00e9 tal est\u00e1s?<\/b>\n\nHola, \u00bfqu\u00e9 tal est\u00e1s?\n<\/p>\n\n<p>\nCon varios amigos:\n<\/p>\n\n<p>\n<b>\u00bfQuer\u00e9is venir con nosotros?<\/b>\n\n\u00bfQuieres venir con nosotros?\n<\/p>\n\n<\/div>\n\n<div style=\"margin-top:45px;\"><\/div>\n\n<div class=\"nice-summary\">\n\n<p>\nEl verbo permanece en el <b>vous<\/b> forma en ambos casos.\n<\/p>\n\n<\/div>\n\n<div style=\"margin-top:55px;\"><\/div>\n\n<div class=\"nice-section-header\">\n\n<h3>Cuando la elecci\u00f3n es importante en la cultura francesa<\/h3>\n\n<p>\nLa elecci\u00f3n entre <b>t\u00fa<\/b> y <b>vous<\/b> No es solo una cuesti\u00f3n gramatical. Puede transmitir familiaridad, respeto o distancia social.\n<\/p>\n\n<\/div>\n\n<div class=\"nice-summary\">\n\n<p>\nCuando tengas dudas, <b>vous<\/b> suele ser la opci\u00f3n m\u00e1s segura en una situaci\u00f3n formal. Es posible que la otra persona te invite entonces a utilizar <b>t\u00fa<\/b>.\n<\/p>\n\n<p>\nEn un entorno franc\u00f3fono envolvente, escuchar\u00e1s estas diferencias de forma natural y aprender\u00e1s a reconocer qu\u00e9 pronombre se adapta a cada situaci\u00f3n social.\n<\/p>\n\n<\/div>\n\n<\/section>\n\n<!-- ON -->\n\n<section class=\"nice-section\">\n\n<div class=\"nice-section-header\">\n\n<h2><b>\u00bfPor qu\u00e9 los franc\u00f3fonos utilizan \u00abon\u00bb tan a menudo?<\/b><\/h2>\n\n<h3>Como alternativa a \u00abnous\u00bb<\/h3>\n\n<p>\nLa gram\u00e1tica francesa se ense\u00f1a tradicionalmente <b>nous<\/b> como equivalente de \"nosotros\". Sin embargo, en el lenguaje coloquial se suele utilizar <b>en<\/b> en su lugar.\n<\/p>\n\n<p>\nAmbas pueden significar:\n<\/p>\n\n<\/div>\n\n<div class=\"nice-grid-2\">\n\n<div class=\"nice-feature-card\">\n\n<i class=\"fas fa-film\"><\/i>\n\n<p style=\"font-size:24px;font-weight:700;line-height:1.3;margin:12px 0 18px 0;\">\nNos vamos al cine.\n<\/p>\n\n<\/div>\n\n<div class=\"nice-feature-card\">\n\n<i class=\"fas fa-film\"><\/i>\n\n<p style=\"font-size:24px;font-weight:700;line-height:1.3;margin:12px 0 18px 0;\">\nNos vamos al cine.\n<\/p>\n\n<\/div>\n\n<\/div>\n\n<div style=\"margin-top:35px;\"><\/div>\n\n<div class=\"nice-section-header\">\n\n<p>\nNos vamos al cine.\n<\/p>\n\n<p>\nLa segunda versi\u00f3n es mucho m\u00e1s habitual en el franc\u00e9s coloquial.\n<\/p>\n\n<\/div>\n\n<div style=\"margin-top:55px;\"><\/div>\n\n<div class=\"nice-section-header\">\n\n<h3>El pronombre \"nous\" en el franc\u00e9s cotidiano<\/h3>\n\n<p>\nEs probable que oigas <b>en<\/b> con frecuencia al hablar con hablantes nativos.\n<\/p>\n\n<p>\nAlgunos ejemplos habituales son:\n<\/p>\n\n<\/div>\n\n<div class=\"nice-grid-2\">\n\n<div class=\"nice-feature-card\">\n\n<i class=\"fas fa-utensils\"><\/i>\n\n<p style=\"font-size:24px;font-weight:700;line-height:1.3;margin:12px 0 18px 0;\">\nNos vamos a comer.\n<\/p>\n\n<p>\nNos vamos a comer.\n<\/p>\n\n<\/div>\n\n<div class=\"nice-feature-card\">\n\n<i class=\"fas fa-bed\"><\/i>\n\n<p style=\"font-size:24px;font-weight:700;line-height:1.3;margin:12px 0 18px 0;\">\nEstamos cansados.\n<\/p>\n\n<p>\nEstamos cansados.\n<\/p>\n\n<\/div>\n\n<\/div>\n\n<div style=\"margin-top:35px;\"><\/div>\n\n<div class=\"nice-grid-2\">\n\n<div class=\"nice-feature-card\">\n\n<i class=\"fas fa-play\"><\/i>\n\n<p style=\"font-size:24px;font-weight:700;line-height:1.3;margin:12px 0 18px 0;\">\nYa podemos empezar.\n<\/p>\n\n<p>\nYa podemos empezar.\n<\/p>\n\n<\/div>\n\n<div class=\"nice-feature-card\">\n\n<i class=\"fas fa-home\"><\/i>\n\n<p style=\"font-size:24px;font-weight:700;line-height:1.3;margin:12px 0 18px 0;\">\nAqu\u00ed vivimos.\n<\/p>\n\n<p>\nVivimos aqu\u00ed.\n<\/p>\n\n<\/div>\n\n<\/div>\n\n<div style=\"margin-top:45px;\"><\/div>\n\n<div class=\"nice-summary\">\n\n<p>\nAprender <b>en<\/b> Si empiezas pronto, te resultar\u00e1 m\u00e1s f\u00e1cil entender conversaciones aut\u00e9nticas en franc\u00e9s.\n<\/p>\n\n<\/div>\n\n<div style=\"margin-top:55px;\"><\/div>\n\n<div class=\"nice-section-header\">\n\n<h3>Continuemos con los verbos en tercera persona del singular<\/h3>\n\n<p>\nIncluso cuando <b>en<\/b> significa \"nosotros\", adopta la misma forma verbal que <b>il<\/b> y <b>ella<\/b>.\n<\/p>\n\n<p>\nPor ejemplo:\n<\/p>\n\n<\/div>\n\n<div class=\"nice-grid-3\">\n\n<div class=\"nice-feature-card\">\n\n<i class=\"fas fa-male\"><\/i>\n\n<p style=\"font-size:24px;font-weight:700;line-height:1.3;margin:12px 0 18px 0;\">\nEst\u00e1 hablando.\n<\/p>\n\n<p>\nHabla.\n<\/p>\n\n<\/div>\n\n<div class=\"nice-feature-card\">\n\n<i class=\"fas fa-female\"><\/i>\n\n<p style=\"font-size:24px;font-weight:700;line-height:1.3;margin:12px 0 18px 0;\">\nElla habla.\n<\/p>\n\n<p>\nElla habla.\n<\/p>\n\n<\/div>\n\n<div class=\"nice-feature-card\">\n\n<i class=\"fas fa-users\"><\/i>\n\n<p style=\"font-size:24px;font-weight:700;line-height:1.3;margin:12px 0 18px 0;\">\nHablamos.\n<\/p>\n\n<p>\nHablamos.\n<\/p>\n\n<\/div>\n\n<\/div>\n\n<div style=\"margin-top:45px;\"><\/div>\n\n<div class=\"nice-summary\">\n\n<p>\nEste es un aspecto importante de la gram\u00e1tica francesa: el significado puede ser plural, pero la conjugaci\u00f3n del verbo es singular.\n<\/p>\n\n<\/div>\n\n<\/section>\n\n<!-- VERB CONJUGATION -->\n\n<section class=\"nice-section\">\n\n<div class=\"nice-section-header\">\n\n<h2><b>Pronombres de sujeto y conjugaci\u00f3n verbal en franc\u00e9s<\/b><\/h2>\n\n<h3>Por qu\u00e9 el pronombre determina la forma verbal<\/h3>\n\n<p>\nLos verbos franceses var\u00edan seg\u00fan el sujeto.\n<\/p>\n\n<p>\nToma el verbo regular <b>hablar<\/b>:\n<\/p>\n\n<\/div>\n\n<div class=\"nice-table-wrap\">\n\n<table>\n\n<thead>\n\n<tr>\n<th><b>Asunto<\/b><\/th>\n<th><b>Franc\u00e9s<\/b><\/th>\n<th><b>Ingl\u00e9s<\/b><\/th>\n<\/tr>\n\n<\/thead>\n\n<tbody>\n\n<tr>\n<td>je<\/td>\n<td>hablo<\/td>\n<td>Hablo<\/td>\n<\/tr>\n\n<tr>\n<td>t\u00fa<\/td>\n<td>t\u00fa hablas<\/td>\n<td>hablas<\/td>\n<\/tr>\n\n<tr>\n<td>\u00e9l \/ ella \/ uno<\/td>\n<td>\u00e9l habla \/ ella habla \/ se habla<\/td>\n<td>\u00e9l\/ella\/nosotros hablamos<\/td>\n<\/tr>\n\n<tr>\n<td>nous<\/td>\n<td>hablamos<\/td>\n<td>hablamos<\/td>\n<\/tr>\n\n<tr>\n<td>vous<\/td>\n<td>habl\u00e1is<\/td>\n<td>hablas<\/td>\n<\/tr>\n\n<tr>\n<td>ellos \/ ellas<\/td>\n<td>ellos hablan \/ ellas hablan<\/td>\n<td>hablan<\/td>\n<\/tr>\n\n<\/tbody>\n\n<\/table>\n\n<\/div>\n\n<div style=\"margin-top:45px;\"><\/div>\n\n<div class=\"nice-summary\">\n\n<p>\nEl pronombre sujeto te indica qu\u00e9 conjugaci\u00f3n debes utilizar.\n<\/p>\n\n<\/div>\n\n<div style=\"margin-top:55px;\"><\/div>\n\n<div class=\"nice-section-header\">\n\n<h3>Pronombres de sujeto con verbos regulares<\/h3>\n\n<p>\nPara los principiantes, aprender el pronombre junto con la forma verbal suele ser m\u00e1s eficaz que memorizar las terminaciones por separado.\n<\/p>\n\n<p>\nPor ejemplo:\n<\/p>\n\n<\/div>\n\n<div class=\"nice-grid-2\">\n\n<div class=\"nice-feature-card\">\n\n<i class=\"fas fa-comments\"><\/i>\n\n<p style=\"font-size:24px;font-weight:700;line-height:1.3;margin:12px 0 18px 0;\">\nhablo\n<\/p>\n\n<\/div>\n\n<div class=\"nice-feature-card\">\n\n<i class=\"fas fa-comments\"><\/i>\n\n<p style=\"font-size:24px;font-weight:700;line-height:1.3;margin:12px 0 18px 0;\">\nt\u00fa hablas\n<\/p>\n\n<\/div>\n\n<\/div>\n\n<div style=\"margin-top:35px;\"><\/div>\n\n<div class=\"nice-grid-3\">\n\n<div class=\"nice-feature-card\">\n\n<i class=\"fas fa-comments\"><\/i>\n\n<p style=\"font-size:24px;font-weight:700;line-height:1.3;margin:12px 0 18px 0;\">\nhabla\n<\/p>\n\n<\/div>\n\n<div class=\"nice-feature-card\">\n\n<i class=\"fas fa-comments\"><\/i>\n\n<p style=\"font-size:24px;font-weight:700;line-height:1.3;margin:12px 0 18px 0;\">\nhablamos\n<\/p>\n\n<\/div>\n\n<div class=\"nice-feature-card\">\n\n<i class=\"fas fa-comments\"><\/i>\n\n<p style=\"font-size:24px;font-weight:700;line-height:1.3;margin:12px 0 18px 0;\">\nhabl\u00e1is\n<\/p>\n\n<\/div>\n\n<div class=\"nice-feature-card\">\n\n<i class=\"fas fa-comments\"><\/i>\n\n<p style=\"font-size:24px;font-weight:700;line-height:1.3;margin:12px 0 18px 0;\">\nhablan\n<\/p>\n\n<\/div>\n\n<\/div>\n\n<div style=\"margin-top:45px;\"><\/div>\n\n<div class=\"nice-summary\">\n\n<p>\nEste patr\u00f3n sirve de base para aprender otros verbos franceses.\n<\/p>\n\n<p>\nRecuerda que <b>en, il,<\/b> y <b>ella<\/b> utilizan la misma forma verbal en singular, mientras que <b>ils<\/b> y <b>ellas<\/b> Utiliza la misma forma plural.\n<\/p>\n\n<\/div>\n\n<div style=\"margin-top:55px;\"><\/div>\n\n<div class=\"nice-section-header\">\n\n<h3>Cambios comunes en la pronunciaci\u00f3n del franc\u00e9s hablado<\/h3>\n\n<p>\nEl franc\u00e9s escrito y el franc\u00e9s hablado pueden sonar bastante diferentes.\n<\/p>\n\n<p>\nPor ejemplo, las terminaciones en:\n<\/p>\n\n<\/div>\n\n<div class=\"nice-grid-3\">\n\n<div class=\"nice-feature-card\">\n\n<i class=\"fas fa-comments\"><\/i>\n\n<p style=\"font-size:24px;font-weight:700;line-height:1.3;margin:12px 0 18px 0;\">\nhablo\n<\/p>\n\n<\/div>\n\n<div class=\"nice-feature-card\">\n\n<i class=\"fas fa-comments\"><\/i>\n\n<p style=\"font-size:24px;font-weight:700;line-height:1.3;margin:12px 0 18px 0;\">\nt\u00fa hablas\n<\/p>\n\n<\/div>\n\n<div class=\"nice-feature-card\">\n\n<i class=\"fas fa-comments\"><\/i>\n\n<p style=\"font-size:24px;font-weight:700;line-height:1.3;margin:12px 0 18px 0;\">\nhabla\n<\/p>\n\n<\/div>\n\n<div class=\"nice-feature-card\">\n\n<i class=\"fas fa-comments\"><\/i>\n\n<p style=\"font-size:24px;font-weight:700;line-height:1.3;margin:12px 0 18px 0;\">\nhablan\n<\/p>\n\n<\/div>\n\n<\/div>\n\n<div style=\"margin-top:45px;\"><\/div>\n\n<div class=\"nice-section-header\">\n\n<p>\nno se pronuncian como cabr\u00eda esperar para un hablante de ingl\u00e9s.\n<\/p>\n\n<p>\nEn muchos casos habituales <b>-er<\/b> verbos, <b>habla, hablas,<\/b> y <b>hablan<\/b> suenan igual:\n<\/p>\n\n<\/div>\n\n<div class=\"nice-grid-3\">\n\n<div class=\"nice-feature-card\">\n\n<i class=\"fas fa-volume-up\"><\/i>\n\n<p style=\"font-size:24px;font-weight:700;line-height:1.3;margin:12px 0 18px 0;\">\nhablo\n<\/p>\n\n<\/div>\n\n<div class=\"nice-feature-card\">\n\n<i class=\"fas fa-volume-up\"><\/i>\n\n<p style=\"font-size:24px;font-weight:700;line-height:1.3;margin:12px 0 18px 0;\">\nt\u00fa hablas\n<\/p>\n\n<\/div>\n\n<div class=\"nice-feature-card\">\n\n<i class=\"fas fa-volume-up\"><\/i>\n\n<p style=\"font-size:24px;font-weight:700;line-height:1.3;margin:12px 0 18px 0;\">\nhablan\n<\/p>\n\n<\/div>\n\n<\/div>\n\n<div style=\"margin-top:45px;\"><\/div>\n\n<div class=\"nice-summary\">\n\n<p>\nPor lo tanto, el pronombre cobra especial importancia al escuchar franc\u00e9s, ya que permite saber qui\u00e9n realiza la acci\u00f3n.\n<\/p>\n\n<\/div>\n\n<\/section>\n\n<!-- EVERYDAY SPEECH -->\n\n<section class=\"nice-section\">\n\n<div class=\"nice-section-header\">\n\n<h2><b>Pronombres sujetos en franc\u00e9s en el lenguaje coloquial<\/b><\/h2>\n\n<h3>Patrones habituales de conversaci\u00f3n<\/h3>\n\n<p>\nAqu\u00ed tienes algunas expresiones que oir\u00e1s con frecuencia:\n<\/p>\n\n<\/div>\n\n<div class=\"nice-grid-3\">\n\n<div class=\"nice-feature-card\">\n\n<i class=\"fas fa-check\"><\/i>\n\n<p style=\"font-size:24px;font-weight:700;line-height:1.3;margin:12px 0 18px 0;\">\nLo s\u00e9.\n<\/p>\n\n<p>\nLo s\u00e9.\n<\/p>\n\n<\/div>\n\n<div class=\"nice-feature-card\">\n\n<i class=\"fas fa-question\"><\/i>\n\n<p style=\"font-size:24px;font-weight:700;line-height:1.3;margin:12px 0 18px 0;\">\n\u00bfLo entiendes?\n<\/p>\n\n<p>\n\u00bfLo entiendes?\n<\/p>\n\n<\/div>\n\n<div class=\"nice-feature-card\">\n\n<i class=\"fas fa-user\"><\/i>\n\n<p style=\"font-size:24px;font-weight:700;line-height:1.3;margin:12px 0 18px 0;\">\nYa viene.\n<\/p>\n\n<p>\nYa est\u00e1 llegando.\n<\/p>\n\n<\/div>\n\n<\/div>\n\n<div style=\"margin-top:35px;\"><\/div>\n\n<div class=\"nice-grid-3\">\n\n<div class=\"nice-feature-card\">\n\n<i class=\"fas fa-user\"><\/i>\n\n<p style=\"font-size:24px;font-weight:700;line-height:1.3;margin:12px 0 18px 0;\">\nEst\u00e1 trabajando.\n<\/p>\n\n<p>\nElla trabaja.\n<\/p>\n\n<\/div>\n\n<div class=\"nice-feature-card\">\n\n<i class=\"fas fa-walking\"><\/i>\n\n<p style=\"font-size:24px;font-weight:700;line-height:1.3;margin:12px 0 18px 0;\">\n\u00bfNos vamos?\n<\/p>\n\n<p>\n\u00bfNos vamos?\n<\/p>\n\n<\/div>\n\n<div class=\"nice-feature-card\">\n\n<i class=\"fas fa-users\"><\/i>\n\n<p style=\"font-size:24px;font-weight:700;line-height:1.3;margin:12px 0 18px 0;\">\nYa estamos listos.\n<\/p>\n\n<p>\nEstamos listos.\n<\/p>\n\n<\/div>\n\n<\/div>\n\n<div style=\"margin-top:35px;\"><\/div>\n\n<div class=\"nice-grid-3\">\n\n<div class=\"nice-feature-card\">\n\n<i class=\"fas fa-check\"><\/i>\n\n<p style=\"font-size:24px;font-weight:700;line-height:1.3;margin:12px 0 18px 0;\">\nTienes raz\u00f3n.\n<\/p>\n\n<p>\nTienes raz\u00f3n.\n<\/p>\n\n<\/div>\n\n<div class=\"nice-feature-card\">\n\n<i class=\"fas fa-users\"><\/i>\n\n<p style=\"font-size:24px;font-weight:700;line-height:1.3;margin:12px 0 18px 0;\">\nYa llegan.\n<\/p>\n\n<p>\nYa est\u00e1n llegando.\n<\/p>\n\n<\/div>\n\n<div class=\"nice-feature-card\">\n\n<i class=\"fas fa-users\"><\/i>\n\n<p style=\"font-size:24px;font-weight:700;line-height:1.3;margin:12px 0 18px 0;\">\nEst\u00e1n aqu\u00ed.\n<\/p>\n\n<p>\nYa est\u00e1n aqu\u00ed.\n<\/p>\n\n<\/div>\n\n<\/div>\n\n<div style=\"margin-top:45px;\"><\/div>\n\n<div class=\"nice-summary\">\n\n<p>\nEstas frases cortas son elementos b\u00e1sicos muy \u00fatiles para el franc\u00e9s cotidiano.\n<\/p>\n\n<\/div>\n\n<div style=\"margin-top:55px;\"><\/div>\n\n<div class=\"nice-section-header\">\n\n<h3>Omisi\u00f3n de sonidos y habla fluida<\/h3>\n\n<p>\nLos franc\u00f3fonos suelen unir las palabras entre s\u00ed en una conversaci\u00f3n natural.\n<\/p>\n\n<p>\nPor ejemplo:\n<\/p>\n\n<\/div>\n\n<div class=\"nice-grid-2\">\n\n<div class=\"nice-feature-card\">\n\n<i class=\"fas fa-times\"><\/i>\n\n<p style=\"font-size:24px;font-weight:700;line-height:1.3;margin:12px 0 18px 0;\">\nTengo \u274c\n<\/p>\n\n<\/div>\n\n<div class=\"nice-feature-card\">\n\n<i class=\"fas fa-check\"><\/i>\n\n<p style=\"font-size:24px;font-weight:700;line-height:1.3;margin:12px 0 18px 0;\">\nLo tengo \u2705\n<\/p>\n\n<\/div>\n\n<\/div>\n\n<div style=\"margin-top:45px;\"><\/div>\n\n<div class=\"nice-section-header\">\n\n<p>\nEn <b>e<\/b> de <b>je<\/b> desaparece antes de una vocal.\n<\/p>\n\n<p>\nTambi\u00e9n oir\u00e1s contracciones como:\n<\/p>\n\n<\/div>\n\n<div class=\"nice-grid-4\">\n\n<div class=\"nice-feature-card\">\n\n<i class=\"fas fa-heart\"><\/i>\n\n<p style=\"font-size:24px;font-weight:700;line-height:1.3;margin:12px 0 18px 0;\">\nme gusta\n<\/p>\n\n<p>\nMe gusta\n<\/p>\n\n<\/div>\n\n<div class=\"nice-feature-card\">\n\n<i class=\"fas fa-home\"><\/i>\n\n<p style=\"font-size:24px;font-weight:700;line-height:1.3;margin:12px 0 18px 0;\">\nvivo\n<\/p>\n\n<p>\nVivo\n<\/p>\n\n<\/div>\n\n<div class=\"nice-feature-card\">\n\n<i class=\"fas fa-headphones\"><\/i>\n\n<p style=\"font-size:24px;font-weight:700;line-height:1.3;margin:12px 0 18px 0;\">\nestoy escuchando\n<\/p>\n\n<p>\nEscucho\n<\/p>\n\n<\/div>\n\n<div class=\"nice-feature-card\">\n\n<i class=\"fas fa-walking\"><\/i>\n\n<p style=\"font-size:24px;font-weight:700;line-height:1.3;margin:12px 0 18px 0;\">\nYa llego\n<\/p>\n\n<p>\nYa voy llegando\n<\/p>\n\n<\/div>\n\n<\/div>\n\n<div style=\"margin-top:45px;\"><\/div>\n\n<div class=\"nice-summary\">\n\n<p>\nSi te acostumbras a estas estructuras mediante ejercicios de comprensi\u00f3n auditiva y expresi\u00f3n oral, el franc\u00e9s te resultar\u00e1 mucho m\u00e1s natural.\n<\/p>\n\n<\/div>\n\n<\/section>\n\n<!-- MISTAKES -->\n\n<section class=\"nice-section\">\n\n<div class=\"nice-section-header\">\n\n<h2><b>Errores con los pronombres de sujeto que cometen los hablantes de ingl\u00e9s<\/b><\/h2>\n\n<h3>La confusi\u00f3n entre \u00abil\u00bb y \u00abelle\u00bb<\/h3>\n\n<p>\nLos angloparlantes a veces dan por hecho que <b>\u00e9l<\/b> y <b>ella<\/b> para referirse \u00fanicamente a personas.\n<\/p>\n\n<p>\nEn franc\u00e9s, <b>il<\/b> y <b>ella<\/b> tambi\u00e9n pueden sustituir a los sustantivos:\n<\/p>\n\n<\/div>\n\n<div class=\"nice-grid-2\">\n\n<div class=\"nice-feature-card\">\n\n<i class=\"fas fa-exclamation-triangle\"><\/i>\n\n<p style=\"font-size:24px;font-weight:700;line-height:1.3;margin:12px 0 18px 0;\">\nEl problema es grave.\n<\/p>\n\n<p>\n<b>Es importante.<\/b>\n\nEl problema es importante. Es importante.\n<\/p>\n\n<\/div>\n\n<div class=\"nice-feature-card\">\n\n<i class=\"fas fa-exclamation-triangle\"><\/i>\n\n<p style=\"font-size:24px;font-weight:700;line-height:1.3;margin:12px 0 18px 0;\">\nLa situaci\u00f3n es complicada.\n<\/p>\n\n<p>\n<b>Es dif\u00edcil.<\/b>\n\nLa situaci\u00f3n es complicada. Es complicada.\n<\/p>\n\n<\/div>\n\n<\/div>\n\n<div style=\"margin-top:45px;\"><\/div>\n\n<div class=\"nice-summary\">\n\n<p>\nLa elecci\u00f3n depende del g\u00e9nero gramatical del sustantivo.\n<\/p>\n\n<\/div>\n\n<div style=\"margin-top:55px;\"><\/div>\n\n<div class=\"nice-section-header\">\n\n<h3>Confundir \u00abtu\u00bb, \u00abvous\u00bb, \u00abon\u00bb y \u00abnous\u00bb<\/h3>\n\n<p>\nHay cuatro pronombres que merecen una atenci\u00f3n especial:\n<\/p>\n\n<\/div>\n\n<div class=\"nice-grid-2\">\n\n<div class=\"nice-feature-card\">\n\n<i class=\"fas fa-user\"><\/i>\n\n<p style=\"font-size:24px;font-weight:700;line-height:1.3;margin:12px 0 18px 0;\">\nTu = \"t\u00fa\" informal en singular\n<\/p>\n\n<\/div>\n\n<div class=\"nice-feature-card\">\n\n<i class=\"fas fa-users\"><\/i>\n\n<p style=\"font-size:24px;font-weight:700;line-height:1.3;margin:12px 0 18px 0;\">\nVous = \"t\u00fa\" formal en singular o \"vosotros\" en plural\n<\/p>\n\n<\/div>\n\n<\/div>\n\n<div style=\"margin-top:35px;\"><\/div>\n\n<div class=\"nice-grid-2\">\n\n<div class=\"nice-feature-card\">\n\n<i class=\"fas fa-users\"><\/i>\n\n<p style=\"font-size:24px;font-weight:700;line-height:1.3;margin:12px 0 18px 0;\">\nNous = \"nosotros\", a menudo m\u00e1s formal o en el lenguaje escrito\n<\/p>\n\n<\/div>\n\n<div class=\"nice-feature-card\">\n\n<i class=\"fas fa-users\"><\/i>\n\n<p style=\"font-size:24px;font-weight:700;line-height:1.3;margin:12px 0 18px 0;\">\n\"On\" = \u00abnosotros\u00bb en el lenguaje coloquial\n<\/p>\n\n<\/div>\n\n<\/div>\n\n<div style=\"margin-top:45px;\"><\/div>\n\n<div class=\"nice-summary\">\n\n<p>\nUna buena forma de aprenderlas es a trav\u00e9s de conversaciones reales, en lugar de ejercicios gramaticales aislados. Presta atenci\u00f3n a qui\u00e9n habla, a qui\u00e9n se dirige y si la situaci\u00f3n es formal o informal.\n<\/p>\n\n<p>\nEn el Institut de Fran\u00e7ais, un enfoque inmersivo permite a los alumnos familiarizarse repetidamente con estos pronombres personales en situaciones aut\u00e9nticas en franc\u00e9s. El objetivo no es simplemente memorizar <b>yo, t\u00fa, \u00e9l, ella, uno, nosotros, vosotros, ellos,<\/b> y <b>ellas<\/b>, sino para reconocerlas y utilizarlas con naturalidad al hablar franc\u00e9s.\n<\/p>\n\n<p>\nSi quieres desarrollar estas estructuras a trav\u00e9s de una comunicaci\u00f3n real y una pr\u00e1ctica inmersiva, descubre el <a href=\"https:\/\/www.institutdefrancais.com\/es\/cursos-de-inmersion-en-frances\/\"><b>cursos intensivos de franc\u00e9s<\/b><\/a> en el Institut de Fran\u00e7ais.\n<\/p>\n\n<\/div>\n\n<\/section>\n\n<\/div><\/div><\/div><\/div><\/div><\/div><\/section>","protected":false},"excerpt":{"rendered":"French Subject Pronouns: Je, Tu, Il, Elle, On, Nous, Vous, Ils, Elles French subject pronouns tell you who performs an action. They are essential because French verbs change their form according to the subject. The nine main French subject pronouns are je, tu, il, elle, on, nous, vous, ils, and elles. Some correspond closely to...","protected":false},"author":5,"featured_media":3304,"comment_status":"closed","ping_status":"closed","sticky":false,"template":"","format":"standard","meta":{"footnotes":""},"categories":[1],"tags":[],"class_list":["post-3328","post","type-post","status-publish","format-standard","has-post-thumbnail","hentry","category-blog"],"yoast_head":"<!-- This site is optimized with the Yoast SEO Premium plugin v26.8 (Yoast SEO v28.1) - https:\/\/yoast.com\/product\/yoast-seo-premium-wordpress\/ -->\n<title>French Subject Pronouns: Je, Tu, Il, Elle, Nous, Vous, Ils, Elles<\/title>\n<meta name=\"robots\" content=\"index, follow, max-snippet:-1, max-image-preview:large, max-video-preview:-1\" \/>\n<link rel=\"canonical\" href=\"https:\/\/www.institutdefrancais.com\/es\/pronombres-personales-en-frances\/\" \/>\n<meta property=\"og:locale\" content=\"es_ES\" \/>\n<meta property=\"og:type\" content=\"article\" \/>\n<meta property=\"og:title\" content=\"French Subject Pronouns: Je, Tu, Il, Elle, On, Nous, Vous, Ils, Elles\" \/>\n<meta property=\"og:url\" content=\"https:\/\/www.institutdefrancais.com\/es\/pronombres-personales-en-frances\/\" \/>\n<meta property=\"og:site_name\" content=\"Institut de Fran\u00e7ais\" \/>\n<meta property=\"article:publisher\" content=\"https:\/\/www.facebook.com\/annexedefrancais\" \/>\n<meta property=\"article:published_time\" content=\"2026-08-31T10:06:27+00:00\" \/>\n<meta property=\"og:image\" content=\"https:\/\/www.institutdefrancais.com\/wp-content\/uploads\/2026\/08\/french-pronouns.png\" \/>\n\t<meta property=\"og:image:width\" content=\"1536\" \/>\n\t<meta property=\"og:image:height\" content=\"1024\" \/>\n\t<meta property=\"og:image:type\" content=\"image\/png\" \/>\n<meta name=\"author\" content=\"Primelis\" \/>\n<meta name=\"twitter:card\" content=\"summary_large_image\" \/>\n<meta name=\"twitter:label1\" content=\"Escrito por\" \/>\n\t<meta name=\"twitter:data1\" content=\"Primelis\" \/>\n\t<meta name=\"twitter:label2\" content=\"Tiempo de lectura\" \/>\n\t<meta name=\"twitter:data2\" content=\"1 minuto\" \/>\n<script type=\"application\/ld+json\" class=\"yoast-schema-graph\">{\"@context\":\"https:\\\/\\\/schema.org\",\"@graph\":[{\"@type\":\"Article\",\"@id\":\"https:\\\/\\\/www.institutdefrancais.com\\\/french-subject-pronouns\\\/#article\",\"isPartOf\":{\"@id\":\"https:\\\/\\\/www.institutdefrancais.com\\\/french-subject-pronouns\\\/\"},\"author\":{\"name\":\"Primelis\",\"@id\":\"https:\\\/\\\/www.institutdefrancais.com\\\/#\\\/schema\\\/person\\\/2007a6780e1c19e9b33d0bfcb96bc830\"},\"headline\":\"French Subject Pronouns: Je, Tu, Il, Elle, On, Nous, Vous, Ils, Elles\",\"datePublished\":\"2026-08-31T10:06:27+00:00\",\"mainEntityOfPage\":{\"@id\":\"https:\\\/\\\/www.institutdefrancais.com\\\/french-subject-pronouns\\\/\"},\"wordCount\":4102,\"publisher\":{\"@id\":\"https:\\\/\\\/www.institutdefrancais.com\\\/#organization\"},\"image\":{\"@id\":\"https:\\\/\\\/www.institutdefrancais.com\\\/french-subject-pronouns\\\/#primaryimage\"},\"thumbnailUrl\":\"https:\\\/\\\/www.institutdefrancais.com\\\/wp-content\\\/uploads\\\/2026\\\/08\\\/french-pronouns.png\",\"articleSection\":[\"Blog\"],\"inLanguage\":\"es\"},{\"@type\":\"WebPage\",\"@id\":\"https:\\\/\\\/www.institutdefrancais.com\\\/french-subject-pronouns\\\/\",\"url\":\"https:\\\/\\\/www.institutdefrancais.com\\\/french-subject-pronouns\\\/\",\"name\":\"French Subject Pronouns: Je, Tu, Il, Elle, Nous, Vous, Ils, Elles\",\"isPartOf\":{\"@id\":\"https:\\\/\\\/www.institutdefrancais.com\\\/#website\"},\"primaryImageOfPage\":{\"@id\":\"https:\\\/\\\/www.institutdefrancais.com\\\/french-subject-pronouns\\\/#primaryimage\"},\"image\":{\"@id\":\"https:\\\/\\\/www.institutdefrancais.com\\\/french-subject-pronouns\\\/#primaryimage\"},\"thumbnailUrl\":\"https:\\\/\\\/www.institutdefrancais.com\\\/wp-content\\\/uploads\\\/2026\\\/08\\\/french-pronouns.png\",\"datePublished\":\"2026-08-31T10:06:27+00:00\",\"breadcrumb\":{\"@id\":\"https:\\\/\\\/www.institutdefrancais.com\\\/french-subject-pronouns\\\/#breadcrumb\"},\"inLanguage\":\"es\",\"potentialAction\":[{\"@type\":\"ReadAction\",\"target\":[\"https:\\\/\\\/www.institutdefrancais.com\\\/french-subject-pronouns\\\/\"]}]},{\"@type\":\"ImageObject\",\"inLanguage\":\"es\",\"@id\":\"https:\\\/\\\/www.institutdefrancais.com\\\/french-subject-pronouns\\\/#primaryimage\",\"url\":\"https:\\\/\\\/www.institutdefrancais.com\\\/wp-content\\\/uploads\\\/2026\\\/08\\\/french-pronouns.png\",\"contentUrl\":\"https:\\\/\\\/www.institutdefrancais.com\\\/wp-content\\\/uploads\\\/2026\\\/08\\\/french-pronouns.png\",\"width\":1536,\"height\":1024},{\"@type\":\"BreadcrumbList\",\"@id\":\"https:\\\/\\\/www.institutdefrancais.com\\\/french-subject-pronouns\\\/#breadcrumb\",\"itemListElement\":[{\"@type\":\"ListItem\",\"position\":1,\"name\":\"Home\",\"item\":\"https:\\\/\\\/www.institutdefrancais.com\\\/\"},{\"@type\":\"ListItem\",\"position\":2,\"name\":\"French Subject Pronouns: Je, Tu, Il, Elle, On, Nous, Vous, Ils, Elles\"}]},{\"@type\":\"WebSite\",\"@id\":\"https:\\\/\\\/www.institutdefrancais.com\\\/#website\",\"url\":\"https:\\\/\\\/www.institutdefrancais.com\\\/\",\"name\":\"Institut de Fran\u00e7ais\",\"description\":\"French language school in France\",\"publisher\":{\"@id\":\"https:\\\/\\\/www.institutdefrancais.com\\\/#organization\"},\"potentialAction\":[{\"@type\":\"SearchAction\",\"target\":{\"@type\":\"EntryPoint\",\"urlTemplate\":\"https:\\\/\\\/www.institutdefrancais.com\\\/?s={search_term_string}\"},\"query-input\":{\"@type\":\"PropertyValueSpecification\",\"valueRequired\":true,\"valueName\":\"search_term_string\"}}],\"inLanguage\":\"es\"},{\"@type\":\"Organization\",\"@id\":\"https:\\\/\\\/www.institutdefrancais.com\\\/#organization\",\"name\":\"Institut de Fran\u00e7ais\",\"url\":\"https:\\\/\\\/www.institutdefrancais.com\\\/\",\"logo\":{\"@type\":\"ImageObject\",\"inLanguage\":\"es\",\"@id\":\"https:\\\/\\\/www.institutdefrancais.com\\\/#\\\/schema\\\/logo\\\/image\\\/\",\"url\":\"https:\\\/\\\/institutdefrancais.com\\\/wp-content\\\/uploads\\\/2026\\\/02\\\/Institu-de-Francais_Logo_Monogramme_nice-1200x630-2.jpg.jpeg\",\"contentUrl\":\"https:\\\/\\\/institutdefrancais.com\\\/wp-content\\\/uploads\\\/2026\\\/02\\\/Institu-de-Francais_Logo_Monogramme_nice-1200x630-2.jpg.jpeg\",\"width\":1200,\"height\":630,\"caption\":\"Institut de Fran\u00e7ais\"},\"image\":{\"@id\":\"https:\\\/\\\/www.institutdefrancais.com\\\/#\\\/schema\\\/logo\\\/image\\\/\"},\"sameAs\":[\"https:\\\/\\\/www.facebook.com\\\/annexedefrancais\",\"https:\\\/\\\/www.instagram.com\\\/annexedefrancais\\\/\"]},{\"@type\":\"Person\",\"@id\":\"https:\\\/\\\/www.institutdefrancais.com\\\/#\\\/schema\\\/person\\\/2007a6780e1c19e9b33d0bfcb96bc830\",\"name\":\"Primelis\",\"image\":{\"@type\":\"ImageObject\",\"inLanguage\":\"es\",\"@id\":\"https:\\\/\\\/secure.gravatar.com\\\/avatar\\\/c0935c1aa2d57be6d9fee5dff6d3efca19dc7c80211843e0fa9c383eac8fca15?s=96&d=mm&r=g\",\"url\":\"https:\\\/\\\/secure.gravatar.com\\\/avatar\\\/c0935c1aa2d57be6d9fee5dff6d3efca19dc7c80211843e0fa9c383eac8fca15?s=96&d=mm&r=g\",\"contentUrl\":\"https:\\\/\\\/secure.gravatar.com\\\/avatar\\\/c0935c1aa2d57be6d9fee5dff6d3efca19dc7c80211843e0fa9c383eac8fca15?s=96&d=mm&r=g\",\"caption\":\"Primelis\"},\"url\":\"https:\\\/\\\/www.institutdefrancais.com\\\/es\\\/author\\\/primelis\\\/\"}]}<\/script>\n<!-- \/ Yoast SEO Premium plugin. -->","yoast_head_json":{"title":"Pronombres sujetos en franc\u00e9s: Je, Tu, Il, Elle, Nous, Vous, Ils, Elles","robots":{"index":"index","follow":"follow","max-snippet":"max-snippet:-1","max-image-preview":"max-image-preview:large","max-video-preview":"max-video-preview:-1"},"canonical":"https:\/\/www.institutdefrancais.com\/es\/pronombres-personales-en-frances\/","og_locale":"es_ES","og_type":"article","og_title":"French Subject Pronouns: Je, Tu, Il, Elle, On, Nous, Vous, Ils, Elles","og_url":"https:\/\/www.institutdefrancais.com\/es\/pronombres-personales-en-frances\/","og_site_name":"Institut de Fran\u00e7ais","article_publisher":"https:\/\/www.facebook.com\/annexedefrancais","article_published_time":"2026-08-31T10:06:27+00:00","og_image":[{"width":1536,"height":1024,"url":"https:\/\/www.institutdefrancais.com\/wp-content\/uploads\/2026\/08\/french-pronouns.png","type":"image\/png"}],"author":"Primelis","twitter_card":"summary_large_image","twitter_misc":{"Escrito por":"Primelis","Tiempo de lectura":"1 minuto"},"schema":{"@context":"https:\/\/schema.org","@graph":[{"@type":"Article","@id":"https:\/\/www.institutdefrancais.com\/french-subject-pronouns\/#article","isPartOf":{"@id":"https:\/\/www.institutdefrancais.com\/french-subject-pronouns\/"},"author":{"name":"Primelis","@id":"https:\/\/www.institutdefrancais.com\/#\/schema\/person\/2007a6780e1c19e9b33d0bfcb96bc830"},"headline":"French Subject Pronouns: Je, Tu, Il, Elle, On, Nous, Vous, Ils, Elles","datePublished":"2026-08-31T10:06:27+00:00","mainEntityOfPage":{"@id":"https:\/\/www.institutdefrancais.com\/french-subject-pronouns\/"},"wordCount":4102,"publisher":{"@id":"https:\/\/www.institutdefrancais.com\/#organization"},"image":{"@id":"https:\/\/www.institutdefrancais.com\/french-subject-pronouns\/#primaryimage"},"thumbnailUrl":"https:\/\/www.institutdefrancais.com\/wp-content\/uploads\/2026\/08\/french-pronouns.png","articleSection":["Blog"],"inLanguage":"es"},{"@type":"WebPage","@id":"https:\/\/www.institutdefrancais.com\/french-subject-pronouns\/","url":"https:\/\/www.institutdefrancais.com\/french-subject-pronouns\/","name":"Pronombres sujetos en franc\u00e9s: Je, Tu, Il, Elle, Nous, Vous, Ils, Elles","isPartOf":{"@id":"https:\/\/www.institutdefrancais.com\/#website"},"primaryImageOfPage":{"@id":"https:\/\/www.institutdefrancais.com\/french-subject-pronouns\/#primaryimage"},"image":{"@id":"https:\/\/www.institutdefrancais.com\/french-subject-pronouns\/#primaryimage"},"thumbnailUrl":"https:\/\/www.institutdefrancais.com\/wp-content\/uploads\/2026\/08\/french-pronouns.png","datePublished":"2026-08-31T10:06:27+00:00","breadcrumb":{"@id":"https:\/\/www.institutdefrancais.com\/french-subject-pronouns\/#breadcrumb"},"inLanguage":"es","potentialAction":[{"@type":"ReadAction","target":["https:\/\/www.institutdefrancais.com\/french-subject-pronouns\/"]}]},{"@type":"ImageObject","inLanguage":"es","@id":"https:\/\/www.institutdefrancais.com\/french-subject-pronouns\/#primaryimage","url":"https:\/\/www.institutdefrancais.com\/wp-content\/uploads\/2026\/08\/french-pronouns.png","contentUrl":"https:\/\/www.institutdefrancais.com\/wp-content\/uploads\/2026\/08\/french-pronouns.png","width":1536,"height":1024},{"@type":"BreadcrumbList","@id":"https:\/\/www.institutdefrancais.com\/french-subject-pronouns\/#breadcrumb","itemListElement":[{"@type":"ListItem","position":1,"name":"Home","item":"https:\/\/www.institutdefrancais.com\/"},{"@type":"ListItem","position":2,"name":"French Subject Pronouns: Je, Tu, Il, Elle, On, Nous, Vous, Ils, Elles"}]},{"@type":"WebSite","@id":"https:\/\/www.institutdefrancais.com\/#website","url":"https:\/\/www.institutdefrancais.com\/","name":"Instituto de Franc\u00e9s","description":"Escuela de franc\u00e9s en Francia","publisher":{"@id":"https:\/\/www.institutdefrancais.com\/#organization"},"potentialAction":[{"@type":"SearchAction","target":{"@type":"EntryPoint","urlTemplate":"https:\/\/www.institutdefrancais.com\/?s={search_term_string}"},"query-input":{"@type":"PropertyValueSpecification","valueRequired":true,"valueName":"search_term_string"}}],"inLanguage":"es"},{"@type":"Organization","@id":"https:\/\/www.institutdefrancais.com\/#organization","name":"Instituto de Franc\u00e9s","url":"https:\/\/www.institutdefrancais.com\/","logo":{"@type":"ImageObject","inLanguage":"es","@id":"https:\/\/www.institutdefrancais.com\/#\/schema\/logo\/image\/","url":"https:\/\/institutdefrancais.com\/wp-content\/uploads\/2026\/02\/Institu-de-Francais_Logo_Monogramme_nice-1200x630-2.jpg.jpeg","contentUrl":"https:\/\/institutdefrancais.com\/wp-content\/uploads\/2026\/02\/Institu-de-Francais_Logo_Monogramme_nice-1200x630-2.jpg.jpeg","width":1200,"height":630,"caption":"Institut de Fran\u00e7ais"},"image":{"@id":"https:\/\/www.institutdefrancais.com\/#\/schema\/logo\/image\/"},"sameAs":["https:\/\/www.facebook.com\/annexedefrancais","https:\/\/www.instagram.com\/annexedefrancais\/"]},{"@type":"Person","@id":"https:\/\/www.institutdefrancais.com\/#\/schema\/person\/2007a6780e1c19e9b33d0bfcb96bc830","name":"Primelis","image":{"@type":"ImageObject","inLanguage":"es","@id":"https:\/\/secure.gravatar.com\/avatar\/c0935c1aa2d57be6d9fee5dff6d3efca19dc7c80211843e0fa9c383eac8fca15?s=96&d=mm&r=g","url":"https:\/\/secure.gravatar.com\/avatar\/c0935c1aa2d57be6d9fee5dff6d3efca19dc7c80211843e0fa9c383eac8fca15?s=96&d=mm&r=g","contentUrl":"https:\/\/secure.gravatar.com\/avatar\/c0935c1aa2d57be6d9fee5dff6d3efca19dc7c80211843e0fa9c383eac8fca15?s=96&d=mm&r=g","caption":"Primelis"},"url":"https:\/\/www.institutdefrancais.com\/es\/author\/primelis\/"}]}},"_links":{"self":[{"href":"https:\/\/www.institutdefrancais.com\/es\/wp-json\/wp\/v2\/posts\/3328","targetHints":{"allow":["GET"]}}],"collection":[{"href":"https:\/\/www.institutdefrancais.com\/es\/wp-json\/wp\/v2\/posts"}],"about":[{"href":"https:\/\/www.institutdefrancais.com\/es\/wp-json\/wp\/v2\/types\/post"}],"author":[{"embeddable":true,"href":"https:\/\/www.institutdefrancais.com\/es\/wp-json\/wp\/v2\/users\/5"}],"replies":[{"embeddable":true,"href":"https:\/\/www.institutdefrancais.com\/es\/wp-json\/wp\/v2\/comments?post=3328"}],"version-history":[{"count":2,"href":"https:\/\/www.institutdefrancais.com\/es\/wp-json\/wp\/v2\/posts\/3328\/revisions"}],"predecessor-version":[{"id":3330,"href":"https:\/\/www.institutdefrancais.com\/es\/wp-json\/wp\/v2\/posts\/3328\/revisions\/3330"}],"wp:featuredmedia":[{"embeddable":true,"href":"https:\/\/www.institutdefrancais.com\/es\/wp-json\/wp\/v2\/media\/3304"}],"wp:attachment":[{"href":"https:\/\/www.institutdefrancais.com\/es\/wp-json\/wp\/v2\/media?parent=3328"}],"wp:term":[{"taxonomy":"category","embeddable":true,"href":"https:\/\/www.institutdefrancais.com\/es\/wp-json\/wp\/v2\/categories?post=3328"},{"taxonomy":"post_tag","embeddable":true,"href":"https:\/\/www.institutdefrancais.com\/es\/wp-json\/wp\/v2\/tags?post=3328"}],"curies":[{"name":"wp","href":"https:\/\/api.w.org\/{rel}","templated":true}]}}